{"id":17270,"date":"2022-09-26T13:03:24","date_gmt":"2022-09-26T13:03:24","guid":{"rendered":"https:\/\/www.lluita.org\/actualitat\/el-recanvi-plasmatic-possible-solucio-per-fer-frontals-simptomes-de-la-covid-persistent\/"},"modified":"2023-06-22T09:14:58","modified_gmt":"2023-06-22T09:14:58","slug":"el-recambio-plasmatico-posible-solucion-para-hacer-frente-a-los-sintomas-de-la-covid-persistente","status":"publish","type":"post","link":"https:\/\/lluita.org\/es\/el-recambio-plasmatico-posible-solucion-para-hacer-frente-a-los-sintomas-de-la-covid-persistente\/","title":{"rendered":"El recambio plasm\u00e1tico posible soluci\u00f3n para hacer frente a los s\u00edntomas de la covid persistente"},"content":{"rendered":"\r\n<p>La enfermedad por covid-19 ha afectado a un gran n\u00famero de personas durante el per\u00edodo de epidemia. Algunas personas han requerido hospitalizaci\u00f3n y se han curado y otras persisten a\u00fan con s\u00edntomas m\u00e1s all\u00e1 de los tres meses desde el diagn\u00f3stico. A esta enfermedad que presenta un conjunto de s\u00edntomas y signos se le conoce como covid persistente. Sin embargo, hoy en d\u00eda todav\u00eda no se conoce con exactitud el porqu\u00e9 de la persistencia de la sintomatolog\u00eda.<\/p>\r\n\r\n\r\n\r\n<p><strong>Una de las causas m\u00e1s plausibles es que despu\u00e9s de la infecci\u00f3n aguda por SARS CoV2 permanezcan en sangre sustancias inflamatorias que sean las responsables de los s\u00edntomas persistentes.<\/strong><\/p>\r\n\r\n\r\n\r\n<p><strong>Estudio PAX<\/strong><\/p>\r\n\r\n\r\n\r\n<p>Esta semana hemos iniciado el <strong>estudio PAX<\/strong> que plantea un recambio plasm\u00e1tico de los pacientes que sufren sintomatolog\u00eda de <strong>covid persistente<\/strong>. \u00c9ste es un procedimiento mediante el cual se realiza una depuraci\u00f3n de la sangre para eliminar las sustancias inflamatorias responsables de la enfermedad o de las manifestaciones cl\u00ednicas. Esta t\u00e9cnica se realiza en otras enfermedades de origen inmunol\u00f3gico con buenos resultados.<\/p>\r\n\r\n\r\n\r\n<p><strong>Metodolog\u00eda de la investigaci\u00f3n<\/strong><\/p>\r\n\r\n\r\n\r\n<p>En este ensayo cl\u00ednico se prev\u00e9 la participaci\u00f3n de 50 participantes, distribuidos en dos grupos. En un grupo se realiza el recambio plasm\u00e1tico (plasmaf\u00e9resis) o con la administraci\u00f3n posterior de alb\u00famina y en el otro grupo se administra suero fisiol\u00f3gico. La asignaci\u00f3n a uno de estos grupos se realiza de forma totalmente aleatoria y sin que el participante ni el investigador conozcan a qu\u00e9 grupo pertenecen. Se realizar\u00e1n 6 sesiones consecutivas de recambio plasm\u00e1tico o de la administraci\u00f3n de suero fisiol\u00f3gico (seg\u00fan aplicaci\u00f3n) y un seguimiento cl\u00ednico y anal\u00edtico posterior durante 90 d\u00edas despu\u00e9s de completar el tratamiento.<\/p>\r\n\r\n\r\n\r\n<p>El procedimiento de recambio plasm\u00e1tico terap\u00e9utico nos permite recoger plasma, separar c\u00e9lulas y part\u00edculas, y devolver al paciente el resto de los componentes sangu\u00edneos. Consiste en conectar por v\u00eda venosa (por dos accesos perif\u00e9ricos o por un cat\u00e9ter central) el participante en una m\u00e1quina separadora de c\u00e9lulas, mediante un equipo de bolsas y tubos de recolecci\u00f3n est\u00e9riles. La sangre llega al separador celular, donde se procesa y selecciona el plasma. El resto de la sangre se devuelve al participante. El proceso tiene una duraci\u00f3n de 2-4 horas en funci\u00f3n del volumen a procesar. Durante todo el proceso, el personal m\u00e9dico y de enfermer\u00eda acompa\u00f1a al participante para controlar en todo momento el pulso, la tensi\u00f3n arterial y el estado general de la persona.<\/p>\r\n\r\n\r\n\r\n<p><strong>\u00bfEst\u00e1s interesado en participar en este estudio? \u00a1Cont\u00e1ctanos!<\/strong><\/p>\r\n\r\n\r\n\r\n<p>&nbsp;<\/p>\r\n","protected":false},"excerpt":{"rendered":"<p>Esta semana hemos iniciado el estudio PAX que plantea un recambio plasm\u00e1tico de los pacientes que sufren sintomatolog\u00eda de covid persistente. <\/p>\n","protected":false},"author":1,"featured_media":20809,"comment_status":"closed","ping_status":"closed","sticky":false,"template":"","format":"standard","meta":{"_acf_changed":false,"footnotes":""},"categories":[18],"class_list":["post-17270","post","type-post","status-publish","format-standard","has-post-thumbnail","hentry","category-covid-19-es"],"acf":[],"yoast_head":"<!-- This site is optimized with the Yoast SEO Premium plugin v27.4 (Yoast SEO v27.5) - https:\/\/yoast.com\/product\/yoast-seo-premium-wordpress\/ -->\n<title>El recambio plasm\u00e1tico posible soluci\u00f3n para hacer frente a los s\u00edntomas de la covid persistente - Fundaci\u00f3 Lluita contra les Infeccions<\/title>\n<meta name=\"description\" content=\"El recambio plasm\u00e1tico posible soluci\u00f3n para hacer frente a los s\u00edntomas de la covid persistente\" \/>\n<meta name=\"robots\" content=\"index, follow, max-snippet:-1, max-image-preview:large, max-video-preview:-1\" \/>\n<link rel=\"canonical\" href=\"https:\/\/lluita.org\/es\/el-recambio-plasmatico-posible-solucion-para-hacer-frente-a-los-sintomas-de-la-covid-persistente\/\" \/>\n<meta property=\"og:locale\" content=\"es_ES\" \/>\n<meta property=\"og:type\" content=\"article\" \/>\n<meta property=\"og:title\" content=\"El recambio plasm\u00e1tico posible soluci\u00f3n para hacer frente a los s\u00edntomas de la covid persistente\" \/>\n<meta property=\"og:description\" content=\"El recambio plasm\u00e1tico posible soluci\u00f3n para hacer frente a los s\u00edntomas de la covid persistente\" \/>\n<meta property=\"og:url\" content=\"https:\/\/lluita.org\/es\/el-recambio-plasmatico-posible-solucion-para-hacer-frente-a-los-sintomas-de-la-covid-persistente\/\" \/>\n<meta property=\"og:site_name\" content=\"Fundaci\u00f3 Lluita contra les Infeccions\" \/>\n<meta property=\"article:published_time\" content=\"2022-09-26T13:03:24+00:00\" \/>\n<meta property=\"article:modified_time\" content=\"2023-06-22T09:14:58+00:00\" \/>\n<meta property=\"og:image\" content=\"https:\/\/hundreds-wordpress-uploads.s3.amazonaws.com\/lluita\/uploads\/2022\/09\/PAX.jpg\" \/>\n\t<meta property=\"og:image:width\" content=\"1160\" \/>\n\t<meta property=\"og:image:height\" content=\"653\" \/>\n\t<meta property=\"og:image:type\" content=\"image\/jpeg\" \/>\n<meta name=\"author\" content=\"fundaciolluita\" \/>\n<meta name=\"twitter:card\" content=\"summary_large_image\" \/>\n<meta name=\"twitter:label1\" content=\"Escrito por\" \/>\n\t<meta name=\"twitter:data1\" content=\"fundaciolluita\" \/>\n\t<meta name=\"twitter:label2\" content=\"Tiempo de lectura\" \/>\n\t<meta name=\"twitter:data2\" content=\"3 minutos\" \/>\n<script type=\"application\/ld+json\" class=\"yoast-schema-graph\">{\"@context\":\"https:\\\/\\\/schema.org\",\"@graph\":[{\"@type\":\"Article\",\"@id\":\"https:\\\/\\\/lluita.org\\\/es\\\/el-recambio-plasmatico-posible-solucion-para-hacer-frente-a-los-sintomas-de-la-covid-persistente\\\/#article\",\"isPartOf\":{\"@id\":\"https:\\\/\\\/lluita.org\\\/es\\\/el-recambio-plasmatico-posible-solucion-para-hacer-frente-a-los-sintomas-de-la-covid-persistente\\\/\"},\"author\":{\"name\":\"fundaciolluita\",\"@id\":\"https:\\\/\\\/lluita.org\\\/#\\\/schema\\\/person\\\/8b246ecace866ab17ec116739984bc80\"},\"headline\":\"El recambio plasm\u00e1tico posible soluci\u00f3n para hacer frente a los s\u00edntomas de la covid persistente\",\"datePublished\":\"2022-09-26T13:03:24+00:00\",\"dateModified\":\"2023-06-22T09:14:58+00:00\",\"mainEntityOfPage\":{\"@id\":\"https:\\\/\\\/lluita.org\\\/es\\\/el-recambio-plasmatico-posible-solucion-para-hacer-frente-a-los-sintomas-de-la-covid-persistente\\\/\"},\"wordCount\":480,\"image\":{\"@id\":\"https:\\\/\\\/lluita.org\\\/es\\\/el-recambio-plasmatico-posible-solucion-para-hacer-frente-a-los-sintomas-de-la-covid-persistente\\\/#primaryimage\"},\"thumbnailUrl\":\"https:\\\/\\\/lluita.org\\\/custom\\\/uploads\\\/2022\\\/09\\\/PAX.jpg\",\"keywords\":[\"long covid\",\"COVID-19\",\"Destacats Actualitat\",\"fundaci\u00f3 lluita\",\"Fundaci\u00f3 Lluita contra les Infeccions\",\"investigaci\u00f3\",\"Destacats Lateral\",\"Fundaci\u00f3n Lucha contra las Infecciones\",\"infecciones\",\"investigaci\u00f3n\",\"COVID persistente\"],\"articleSection\":[\"COVID-19\"],\"inLanguage\":\"es\"},{\"@type\":\"WebPage\",\"@id\":\"https:\\\/\\\/lluita.org\\\/es\\\/el-recambio-plasmatico-posible-solucion-para-hacer-frente-a-los-sintomas-de-la-covid-persistente\\\/\",\"url\":\"https:\\\/\\\/lluita.org\\\/es\\\/el-recambio-plasmatico-posible-solucion-para-hacer-frente-a-los-sintomas-de-la-covid-persistente\\\/\",\"name\":\"El recambio plasm\u00e1tico posible soluci\u00f3n para hacer frente a los s\u00edntomas de la covid persistente - Fundaci\u00f3 Lluita contra les Infeccions\",\"isPartOf\":{\"@id\":\"https:\\\/\\\/lluita.org\\\/#website\"},\"primaryImageOfPage\":{\"@id\":\"https:\\\/\\\/lluita.org\\\/es\\\/el-recambio-plasmatico-posible-solucion-para-hacer-frente-a-los-sintomas-de-la-covid-persistente\\\/#primaryimage\"},\"image\":{\"@id\":\"https:\\\/\\\/lluita.org\\\/es\\\/el-recambio-plasmatico-posible-solucion-para-hacer-frente-a-los-sintomas-de-la-covid-persistente\\\/#primaryimage\"},\"thumbnailUrl\":\"https:\\\/\\\/lluita.org\\\/custom\\\/uploads\\\/2022\\\/09\\\/PAX.jpg\",\"datePublished\":\"2022-09-26T13:03:24+00:00\",\"dateModified\":\"2023-06-22T09:14:58+00:00\",\"author\":{\"@id\":\"https:\\\/\\\/lluita.org\\\/#\\\/schema\\\/person\\\/8b246ecace866ab17ec116739984bc80\"},\"description\":\"El recambio plasm\u00e1tico posible soluci\u00f3n para hacer frente a los s\u00edntomas de la covid persistente\",\"breadcrumb\":{\"@id\":\"https:\\\/\\\/lluita.org\\\/es\\\/el-recambio-plasmatico-posible-solucion-para-hacer-frente-a-los-sintomas-de-la-covid-persistente\\\/#breadcrumb\"},\"inLanguage\":\"es\",\"potentialAction\":[{\"@type\":\"ReadAction\",\"target\":[\"https:\\\/\\\/lluita.org\\\/es\\\/el-recambio-plasmatico-posible-solucion-para-hacer-frente-a-los-sintomas-de-la-covid-persistente\\\/\"]}]},{\"@type\":\"ImageObject\",\"inLanguage\":\"es\",\"@id\":\"https:\\\/\\\/lluita.org\\\/es\\\/el-recambio-plasmatico-posible-solucion-para-hacer-frente-a-los-sintomas-de-la-covid-persistente\\\/#primaryimage\",\"url\":\"https:\\\/\\\/lluita.org\\\/custom\\\/uploads\\\/2022\\\/09\\\/PAX.jpg\",\"contentUrl\":\"https:\\\/\\\/lluita.org\\\/custom\\\/uploads\\\/2022\\\/09\\\/PAX.jpg\",\"width\":1160,\"height\":653,\"caption\":\"El recanvi plasm\u00e0tic possible soluci\u00f3 per fer front als s\u00edmptomes de la covid persistent\"},{\"@type\":\"BreadcrumbList\",\"@id\":\"https:\\\/\\\/lluita.org\\\/es\\\/el-recambio-plasmatico-posible-solucion-para-hacer-frente-a-los-sintomas-de-la-covid-persistente\\\/#breadcrumb\",\"itemListElement\":[{\"@type\":\"ListItem\",\"position\":1,\"name\":\"Inici\",\"item\":\"https:\\\/\\\/lluita.org\\\/es\\\/\"},{\"@type\":\"ListItem\",\"position\":2,\"name\":\"El recambio plasm\u00e1tico posible soluci\u00f3n para hacer frente a los s\u00edntomas de la covid persistente\"}]},{\"@type\":\"WebSite\",\"@id\":\"https:\\\/\\\/lluita.org\\\/#website\",\"url\":\"https:\\\/\\\/lluita.org\\\/\",\"name\":\"Fundaci\u00f3 Lluita contra les Infeccions\",\"description\":\"\",\"potentialAction\":[{\"@type\":\"SearchAction\",\"target\":{\"@type\":\"EntryPoint\",\"urlTemplate\":\"https:\\\/\\\/lluita.org\\\/?s={search_term_string}\"},\"query-input\":{\"@type\":\"PropertyValueSpecification\",\"valueRequired\":true,\"valueName\":\"search_term_string\"}}],\"inLanguage\":\"es\"},{\"@type\":\"Person\",\"@id\":\"https:\\\/\\\/lluita.org\\\/#\\\/schema\\\/person\\\/8b246ecace866ab17ec116739984bc80\",\"name\":\"fundaciolluita\",\"image\":{\"@type\":\"ImageObject\",\"inLanguage\":\"es\",\"@id\":\"https:\\\/\\\/secure.gravatar.com\\\/avatar\\\/18a97ff0e5d67038bad233b79246a7f922424d224871d207487c88e471e664c2?s=96&d=mm&r=g\",\"url\":\"https:\\\/\\\/secure.gravatar.com\\\/avatar\\\/18a97ff0e5d67038bad233b79246a7f922424d224871d207487c88e471e664c2?s=96&d=mm&r=g\",\"contentUrl\":\"https:\\\/\\\/secure.gravatar.com\\\/avatar\\\/18a97ff0e5d67038bad233b79246a7f922424d224871d207487c88e471e664c2?s=96&d=mm&r=g\",\"caption\":\"fundaciolluita\"},\"sameAs\":[\"https:\\\/\\\/new.lluita.org\\\/private\\\/\"],\"url\":\"https:\\\/\\\/lluita.org\\\/es\\\/author\\\/fundaciolluita\\\/\"}]}<\/script>\n<!-- \/ Yoast SEO Premium plugin. -->","yoast_head_json":{"title":"El recambio plasm\u00e1tico posible soluci\u00f3n para hacer frente a los s\u00edntomas de la covid persistente - Fundaci\u00f3 Lluita contra les Infeccions","description":"El recambio plasm\u00e1tico posible soluci\u00f3n para hacer frente a los s\u00edntomas de la covid persistente","robots":{"index":"index","follow":"follow","max-snippet":"max-snippet:-1","max-image-preview":"max-image-preview:large","max-video-preview":"max-video-preview:-1"},"canonical":"https:\/\/lluita.org\/es\/el-recambio-plasmatico-posible-solucion-para-hacer-frente-a-los-sintomas-de-la-covid-persistente\/","og_locale":"es_ES","og_type":"article","og_title":"El recambio plasm\u00e1tico posible soluci\u00f3n para hacer frente a los s\u00edntomas de la covid persistente","og_description":"El recambio plasm\u00e1tico posible soluci\u00f3n para hacer frente a los s\u00edntomas de la covid persistente","og_url":"https:\/\/lluita.org\/es\/el-recambio-plasmatico-posible-solucion-para-hacer-frente-a-los-sintomas-de-la-covid-persistente\/","og_site_name":"Fundaci\u00f3 Lluita contra les Infeccions","article_published_time":"2022-09-26T13:03:24+00:00","article_modified_time":"2023-06-22T09:14:58+00:00","og_image":[{"width":1160,"height":653,"url":"https:\/\/hundreds-wordpress-uploads.s3.amazonaws.com\/lluita\/uploads\/2022\/09\/PAX.jpg","type":"image\/jpeg"}],"author":"fundaciolluita","twitter_card":"summary_large_image","twitter_misc":{"Escrito por":"fundaciolluita","Tiempo de lectura":"3 minutos"},"schema":{"@context":"https:\/\/schema.org","@graph":[{"@type":"Article","@id":"https:\/\/lluita.org\/es\/el-recambio-plasmatico-posible-solucion-para-hacer-frente-a-los-sintomas-de-la-covid-persistente\/#article","isPartOf":{"@id":"https:\/\/lluita.org\/es\/el-recambio-plasmatico-posible-solucion-para-hacer-frente-a-los-sintomas-de-la-covid-persistente\/"},"author":{"name":"fundaciolluita","@id":"https:\/\/lluita.org\/#\/schema\/person\/8b246ecace866ab17ec116739984bc80"},"headline":"El recambio plasm\u00e1tico posible soluci\u00f3n para hacer frente a los s\u00edntomas de la covid persistente","datePublished":"2022-09-26T13:03:24+00:00","dateModified":"2023-06-22T09:14:58+00:00","mainEntityOfPage":{"@id":"https:\/\/lluita.org\/es\/el-recambio-plasmatico-posible-solucion-para-hacer-frente-a-los-sintomas-de-la-covid-persistente\/"},"wordCount":480,"image":{"@id":"https:\/\/lluita.org\/es\/el-recambio-plasmatico-posible-solucion-para-hacer-frente-a-los-sintomas-de-la-covid-persistente\/#primaryimage"},"thumbnailUrl":"https:\/\/lluita.org\/custom\/uploads\/2022\/09\/PAX.jpg","keywords":["long covid","COVID-19","Destacats Actualitat","fundaci\u00f3 lluita","Fundaci\u00f3 Lluita contra les Infeccions","investigaci\u00f3","Destacats Lateral","Fundaci\u00f3n Lucha contra las Infecciones","infecciones","investigaci\u00f3n","COVID persistente"],"articleSection":["COVID-19"],"inLanguage":"es"},{"@type":"WebPage","@id":"https:\/\/lluita.org\/es\/el-recambio-plasmatico-posible-solucion-para-hacer-frente-a-los-sintomas-de-la-covid-persistente\/","url":"https:\/\/lluita.org\/es\/el-recambio-plasmatico-posible-solucion-para-hacer-frente-a-los-sintomas-de-la-covid-persistente\/","name":"El recambio plasm\u00e1tico posible soluci\u00f3n para hacer frente a los s\u00edntomas de la covid persistente - Fundaci\u00f3 Lluita contra les Infeccions","isPartOf":{"@id":"https:\/\/lluita.org\/#website"},"primaryImageOfPage":{"@id":"https:\/\/lluita.org\/es\/el-recambio-plasmatico-posible-solucion-para-hacer-frente-a-los-sintomas-de-la-covid-persistente\/#primaryimage"},"image":{"@id":"https:\/\/lluita.org\/es\/el-recambio-plasmatico-posible-solucion-para-hacer-frente-a-los-sintomas-de-la-covid-persistente\/#primaryimage"},"thumbnailUrl":"https:\/\/lluita.org\/custom\/uploads\/2022\/09\/PAX.jpg","datePublished":"2022-09-26T13:03:24+00:00","dateModified":"2023-06-22T09:14:58+00:00","author":{"@id":"https:\/\/lluita.org\/#\/schema\/person\/8b246ecace866ab17ec116739984bc80"},"description":"El recambio plasm\u00e1tico posible soluci\u00f3n para hacer frente a los s\u00edntomas de la covid persistente","breadcrumb":{"@id":"https:\/\/lluita.org\/es\/el-recambio-plasmatico-posible-solucion-para-hacer-frente-a-los-sintomas-de-la-covid-persistente\/#breadcrumb"},"inLanguage":"es","potentialAction":[{"@type":"ReadAction","target":["https:\/\/lluita.org\/es\/el-recambio-plasmatico-posible-solucion-para-hacer-frente-a-los-sintomas-de-la-covid-persistente\/"]}]},{"@type":"ImageObject","inLanguage":"es","@id":"https:\/\/lluita.org\/es\/el-recambio-plasmatico-posible-solucion-para-hacer-frente-a-los-sintomas-de-la-covid-persistente\/#primaryimage","url":"https:\/\/lluita.org\/custom\/uploads\/2022\/09\/PAX.jpg","contentUrl":"https:\/\/lluita.org\/custom\/uploads\/2022\/09\/PAX.jpg","width":1160,"height":653,"caption":"El recanvi plasm\u00e0tic possible soluci\u00f3 per fer front als s\u00edmptomes de la covid persistent"},{"@type":"BreadcrumbList","@id":"https:\/\/lluita.org\/es\/el-recambio-plasmatico-posible-solucion-para-hacer-frente-a-los-sintomas-de-la-covid-persistente\/#breadcrumb","itemListElement":[{"@type":"ListItem","position":1,"name":"Inici","item":"https:\/\/lluita.org\/es\/"},{"@type":"ListItem","position":2,"name":"El recambio plasm\u00e1tico posible soluci\u00f3n para hacer frente a los s\u00edntomas de la covid persistente"}]},{"@type":"WebSite","@id":"https:\/\/lluita.org\/#website","url":"https:\/\/lluita.org\/","name":"Fundaci\u00f3 Lluita contra les Infeccions","description":"","potentialAction":[{"@type":"SearchAction","target":{"@type":"EntryPoint","urlTemplate":"https:\/\/lluita.org\/?s={search_term_string}"},"query-input":{"@type":"PropertyValueSpecification","valueRequired":true,"valueName":"search_term_string"}}],"inLanguage":"es"},{"@type":"Person","@id":"https:\/\/lluita.org\/#\/schema\/person\/8b246ecace866ab17ec116739984bc80","name":"fundaciolluita","image":{"@type":"ImageObject","inLanguage":"es","@id":"https:\/\/secure.gravatar.com\/avatar\/18a97ff0e5d67038bad233b79246a7f922424d224871d207487c88e471e664c2?s=96&d=mm&r=g","url":"https:\/\/secure.gravatar.com\/avatar\/18a97ff0e5d67038bad233b79246a7f922424d224871d207487c88e471e664c2?s=96&d=mm&r=g","contentUrl":"https:\/\/secure.gravatar.com\/avatar\/18a97ff0e5d67038bad233b79246a7f922424d224871d207487c88e471e664c2?s=96&d=mm&r=g","caption":"fundaciolluita"},"sameAs":["https:\/\/new.lluita.org\/private\/"],"url":"https:\/\/lluita.org\/es\/author\/fundaciolluita\/"}]}},"_links":{"self":[{"href":"https:\/\/lluita.org\/es\/wp-json\/wp\/v2\/posts\/17270","targetHints":{"allow":["GET"]}}],"collection":[{"href":"https:\/\/lluita.org\/es\/wp-json\/wp\/v2\/posts"}],"about":[{"href":"https:\/\/lluita.org\/es\/wp-json\/wp\/v2\/types\/post"}],"author":[{"embeddable":true,"href":"https:\/\/lluita.org\/es\/wp-json\/wp\/v2\/users\/1"}],"replies":[{"embeddable":true,"href":"https:\/\/lluita.org\/es\/wp-json\/wp\/v2\/comments?post=17270"}],"version-history":[{"count":1,"href":"https:\/\/lluita.org\/es\/wp-json\/wp\/v2\/posts\/17270\/revisions"}],"predecessor-version":[{"id":20810,"href":"https:\/\/lluita.org\/es\/wp-json\/wp\/v2\/posts\/17270\/revisions\/20810"}],"wp:featuredmedia":[{"embeddable":true,"href":"https:\/\/lluita.org\/es\/wp-json\/wp\/v2\/media\/20809"}],"wp:attachment":[{"href":"https:\/\/lluita.org\/es\/wp-json\/wp\/v2\/media?parent=17270"}],"wp:term":[{"taxonomy":"category","embeddable":true,"href":"https:\/\/lluita.org\/es\/wp-json\/wp\/v2\/categories?post=17270"}],"curies":[{"name":"wp","href":"https:\/\/api.w.org\/{rel}","templated":true}]}}