{"id":17415,"date":"2022-10-14T16:03:33","date_gmt":"2022-10-14T16:03:33","guid":{"rendered":"https:\/\/www.lluita.org\/actualitat\/rebem-la-beca-gilead-pro-per-desenvolupar-estrategies-que-augmentin-la-difusio-i-implementacio-dels-pros-a-la-practica-clinica\/"},"modified":"2023-06-22T09:14:35","modified_gmt":"2023-06-22T09:14:35","slug":"recibimos-la-beca-gilead-pro-para-desarrollar-estrategias-que-aumenten-la-difusion-e-implementacion-de-los-resultados-reportados-por-los-pacientes-a-la-practica-clinica","status":"publish","type":"post","link":"https:\/\/lluita.org\/es\/recibimos-la-beca-gilead-pro-para-desarrollar-estrategias-que-aumenten-la-difusion-e-implementacion-de-los-resultados-reportados-por-los-pacientes-a-la-practica-clinica\/","title":{"rendered":"Recibimos la beca Gilead &#8211; PRO para desarrollar estrategias que aumenten la difusi\u00f3n e implementaci\u00f3n de los resultados reportados por los pacientes a la pr\u00e1ctica cl\u00ednica"},"content":{"rendered":"\r\n<p>Las <a href=\"https:\/\/www.gilead.es\/nuestro-proposito\/programa-de-ayudas\/becas-y-donaciones\">Becas Gilead &#8211; PRO<\/a> para el desarrollo de estrategias que aumenten la difusi\u00f3n e implementaci\u00f3n de los PROs en la pr\u00e1ctica cl\u00ednica, nacen precisamente con la vocaci\u00f3n de servir de ayuda a investigadores y cl\u00ednicos para que \u00e9stos profundicen en las posibilidades de desarrollar nuevas herramientas (PROMs) que permitan a los pacientes reportar sus s\u00edntomas o preferencias, o bien mejorar la implementaci\u00f3n de estas herramientas ya existentes y su aplicabilidad a la pr\u00e1ctica cl\u00ednica en Espa\u00f1a.<\/p>\r\n\r\n\r\n\r\n<p><strong>Sobre el proyecto presentado<\/strong><\/p>\r\n\r\n\r\n\r\n<p>La infecci\u00f3n por VIH es una enfermedad cr\u00f3nica cada vez m\u00e1s compleja asociada a numerosos problemas m\u00e9dicos, psicol\u00f3gicos y sociales que requieren la atenci\u00f3n y experiencia de una amplia gama de especialistas en salud. Estos problemas implican una disminuci\u00f3n de la calidad de vida relacionada con la salud (CVRS). En este contexto, los resultados reportados por el paciente (PRO) se utilizan para evaluar los s\u00edntomas, los comportamientos de salud y las circunstancias de la vida asociadas con el VIH y las comorbilidades y es donde las diferentes tecnolog\u00edas sanitarias (APP) pueden facilitar la recogida de datos y, en \u00faltima instancia, pueden tener un impacto positivo en la gesti\u00f3n proactiva de los propios pacientes. Con este fin, desde la <strong>Fundaci\u00f3n Lucha contra las Infecciones<\/strong> proponemos la implantaci\u00f3n de una herramienta de cribado PRO-Cl\u00ednica de los casos VIH positivos en nuestro centro (m\u00e1s de 3000) mediante una APP que ya se ha probado entre ellos a trav\u00e9s de un proyecto piloto.<\/p>\r\n\r\n\r\n\r\n<p>Los resultados del cribado PRO activar\u00e1n el desarrollo de una serie de cuestionarios validados que ayudar\u00e1n a mejorar la salud de nuestros pacientes de forma hol\u00edstica. Actualmente, encontrar intervenciones a distancia \u00fatiles para problemas relacionados con la salud es de gran relevancia, no s\u00f3lo por posibles futuros confinamientos a causa de nuevas restricciones pand\u00e9micas, sino tambi\u00e9n por la necesidad actual de reducir la carga econ\u00f3mica y asociada a la movilidad de las personas que llegan a los centros sanitarios. De hecho, tanto las restricciones de la pandemia social como la movilidad en los centros asistenciales se asocian notablemente a malos resultados de salud y p\u00e9rdida de atenci\u00f3n. En consecuencia, los programas a distancia basados \u200b\u200ben tecnolog\u00eda se ven como escenario prometedor para introducir nuevas intervenciones sanitarias aplicables. Al mismo tiempo, como ventaja adicional, la herramienta de detecci\u00f3n cl\u00ednica PRO para el VIH (CST-HIV) puede dise\u00f1arse e implementarse mediante un tel\u00e9fono m\u00f3vil o un ordenador.<\/p>\r\n\r\n\r\n\r\n<p><strong>App<\/strong><\/p>\r\n\r\n\r\n\r\n<p>Se trata de una herramienta que cubre las necesidades m\u00e1s frecuentes que necesitan los pacientes con VIH, ya que en s\u00f3lo 5-7 minutos, permite se\u00f1alar las alteraciones que m\u00e1s les afectan con el objetivo de que el profesional pueda ofrecer recomendaciones educativas y eval\u00fae con mayor precisi\u00f3n sus necesidades, decidiendo, as\u00ed, la mejor intervenci\u00f3n de cara a la siguiente visita m\u00e9dica.<\/p>\r\n\r\n\r\n\r\n<p><strong>Equipo<\/strong><\/p>\r\n\r\n\r\n\r\n<p>El equipo que est\u00e1 liderando el proyecto est\u00e1 formado por <strong>Jordi Puig<\/strong>, responsable de la CTU, <strong>Eug\u00e8nia Negredo<\/strong>, Jefa de Secci\u00f3n de VIH, <strong>Maria Sarquella<\/strong>, adjunta a Gerencia, y <strong>Diana Hern\u00e1ndez<\/strong>, investigadora.<\/p>\r\n","protected":false},"excerpt":{"rendered":"<p>Desde la Fundaci\u00f3n Lucha contra las Infecciones proponemos la implantaci\u00f3n de una herramienta de cribado PRO-Cl\u00ednica de los casos VIH positivos en nuestro centro (m\u00e1s de 3000) mediante una APP que ya se ha probado entre ellos a trav\u00e9s de un proyecto piloto.<\/p>\n","protected":false},"author":1,"featured_media":20817,"comment_status":"closed","ping_status":"closed","sticky":false,"template":"","format":"standard","meta":{"_acf_changed":false,"footnotes":""},"categories":[19],"class_list":["post-17415","post","type-post","status-publish","format-standard","has-post-thumbnail","hentry","category-vih-es"],"acf":[],"yoast_head":"<!-- This site is optimized with the Yoast SEO Premium plugin v27.4 (Yoast SEO v27.5) - https:\/\/yoast.com\/product\/yoast-seo-premium-wordpress\/ -->\n<title>Recibimos la beca Gilead - PRO para desarrollar estrategias que aumenten la difusi\u00f3n e implementaci\u00f3n de los resultados reportados por los pacientes a la pr\u00e1ctica cl\u00ednica - Fundaci\u00f3 Lluita contra les Infeccions<\/title>\n<meta name=\"description\" content=\"Recibimos la beca Gilead - PRO para desarrollar estrategias que aumenten la difusi\u00f3n e implementaci\u00f3n de los resultados reportados por los pacientes a la pr\u00e1ctica cl\u00ednica\" \/>\n<meta name=\"robots\" content=\"index, follow, max-snippet:-1, max-image-preview:large, max-video-preview:-1\" \/>\n<link rel=\"canonical\" href=\"https:\/\/lluita.org\/es\/recibimos-la-beca-gilead-pro-para-desarrollar-estrategias-que-aumenten-la-difusion-e-implementacion-de-los-resultados-reportados-por-los-pacientes-a-la-practica-clinica\/\" \/>\n<meta property=\"og:locale\" content=\"es_ES\" \/>\n<meta property=\"og:type\" content=\"article\" \/>\n<meta property=\"og:title\" content=\"Recibimos la beca Gilead - PRO para desarrollar estrategias que aumenten la difusi\u00f3n e implementaci\u00f3n de los resultados reportados por los pacientes a la pr\u00e1ctica cl\u00ednica\" \/>\n<meta property=\"og:description\" content=\"Recibimos la beca Gilead - PRO para desarrollar estrategias que aumenten la difusi\u00f3n e implementaci\u00f3n de los resultados reportados por los pacientes a la pr\u00e1ctica cl\u00ednica\" \/>\n<meta property=\"og:url\" content=\"https:\/\/lluita.org\/es\/recibimos-la-beca-gilead-pro-para-desarrollar-estrategias-que-aumenten-la-difusion-e-implementacion-de-los-resultados-reportados-por-los-pacientes-a-la-practica-clinica\/\" \/>\n<meta property=\"og:site_name\" content=\"Fundaci\u00f3 Lluita contra les Infeccions\" \/>\n<meta property=\"article:published_time\" content=\"2022-10-14T16:03:33+00:00\" \/>\n<meta property=\"article:modified_time\" content=\"2023-06-22T09:14:35+00:00\" \/>\n<meta property=\"og:image\" content=\"https:\/\/hundreds-wordpress-uploads.s3.amazonaws.com\/lluita\/uploads\/2022\/10\/beca_gilead.jpg\" \/>\n\t<meta property=\"og:image:width\" content=\"1160\" \/>\n\t<meta property=\"og:image:height\" content=\"653\" \/>\n\t<meta property=\"og:image:type\" content=\"image\/jpeg\" \/>\n<meta name=\"author\" content=\"fundaciolluita\" \/>\n<meta name=\"twitter:card\" content=\"summary_large_image\" \/>\n<meta name=\"twitter:label1\" content=\"Escrito por\" \/>\n\t<meta name=\"twitter:data1\" content=\"fundaciolluita\" \/>\n\t<meta name=\"twitter:label2\" content=\"Tiempo de lectura\" \/>\n\t<meta name=\"twitter:data2\" content=\"3 minutos\" \/>\n<script type=\"application\/ld+json\" class=\"yoast-schema-graph\">{\"@context\":\"https:\\\/\\\/schema.org\",\"@graph\":[{\"@type\":\"Article\",\"@id\":\"https:\\\/\\\/lluita.org\\\/es\\\/recibimos-la-beca-gilead-pro-para-desarrollar-estrategias-que-aumenten-la-difusion-e-implementacion-de-los-resultados-reportados-por-los-pacientes-a-la-practica-clinica\\\/#article\",\"isPartOf\":{\"@id\":\"https:\\\/\\\/lluita.org\\\/es\\\/recibimos-la-beca-gilead-pro-para-desarrollar-estrategias-que-aumenten-la-difusion-e-implementacion-de-los-resultados-reportados-por-los-pacientes-a-la-practica-clinica\\\/\"},\"author\":{\"name\":\"fundaciolluita\",\"@id\":\"https:\\\/\\\/lluita.org\\\/#\\\/schema\\\/person\\\/8b246ecace866ab17ec116739984bc80\"},\"headline\":\"Recibimos la beca Gilead &#8211; PRO para desarrollar estrategias que aumenten la difusi\u00f3n e implementaci\u00f3n de los resultados reportados por los pacientes a la pr\u00e1ctica cl\u00ednica\",\"datePublished\":\"2022-10-14T16:03:33+00:00\",\"dateModified\":\"2023-06-22T09:14:35+00:00\",\"mainEntityOfPage\":{\"@id\":\"https:\\\/\\\/lluita.org\\\/es\\\/recibimos-la-beca-gilead-pro-para-desarrollar-estrategias-que-aumenten-la-difusion-e-implementacion-de-los-resultados-reportados-por-los-pacientes-a-la-practica-clinica\\\/\"},\"wordCount\":570,\"image\":{\"@id\":\"https:\\\/\\\/lluita.org\\\/es\\\/recibimos-la-beca-gilead-pro-para-desarrollar-estrategias-que-aumenten-la-difusion-e-implementacion-de-los-resultados-reportados-por-los-pacientes-a-la-practica-clinica\\\/#primaryimage\"},\"thumbnailUrl\":\"https:\\\/\\\/lluita.org\\\/custom\\\/uploads\\\/2022\\\/10\\\/beca_gilead.jpg\",\"keywords\":[\"Destacats Lateral\",\"fundaci\u00f3n lucha\",\"Fundaci\u00f3n Lucha contra las Infecciones\",\"infecciones\",\"Fundaci\u00f3 Lluita contra les Infeccions\",\"VIH\",\"Destacats Actualitat\"],\"articleSection\":[\"VIH\"],\"inLanguage\":\"es\"},{\"@type\":\"WebPage\",\"@id\":\"https:\\\/\\\/lluita.org\\\/es\\\/recibimos-la-beca-gilead-pro-para-desarrollar-estrategias-que-aumenten-la-difusion-e-implementacion-de-los-resultados-reportados-por-los-pacientes-a-la-practica-clinica\\\/\",\"url\":\"https:\\\/\\\/lluita.org\\\/es\\\/recibimos-la-beca-gilead-pro-para-desarrollar-estrategias-que-aumenten-la-difusion-e-implementacion-de-los-resultados-reportados-por-los-pacientes-a-la-practica-clinica\\\/\",\"name\":\"Recibimos la beca Gilead - PRO para desarrollar estrategias que aumenten la difusi\u00f3n e implementaci\u00f3n de los resultados reportados por los pacientes a la pr\u00e1ctica cl\u00ednica - Fundaci\u00f3 Lluita contra les Infeccions\",\"isPartOf\":{\"@id\":\"https:\\\/\\\/lluita.org\\\/#website\"},\"primaryImageOfPage\":{\"@id\":\"https:\\\/\\\/lluita.org\\\/es\\\/recibimos-la-beca-gilead-pro-para-desarrollar-estrategias-que-aumenten-la-difusion-e-implementacion-de-los-resultados-reportados-por-los-pacientes-a-la-practica-clinica\\\/#primaryimage\"},\"image\":{\"@id\":\"https:\\\/\\\/lluita.org\\\/es\\\/recibimos-la-beca-gilead-pro-para-desarrollar-estrategias-que-aumenten-la-difusion-e-implementacion-de-los-resultados-reportados-por-los-pacientes-a-la-practica-clinica\\\/#primaryimage\"},\"thumbnailUrl\":\"https:\\\/\\\/lluita.org\\\/custom\\\/uploads\\\/2022\\\/10\\\/beca_gilead.jpg\",\"datePublished\":\"2022-10-14T16:03:33+00:00\",\"dateModified\":\"2023-06-22T09:14:35+00:00\",\"author\":{\"@id\":\"https:\\\/\\\/lluita.org\\\/#\\\/schema\\\/person\\\/8b246ecace866ab17ec116739984bc80\"},\"description\":\"Recibimos la beca Gilead - PRO para desarrollar estrategias que aumenten la difusi\u00f3n e implementaci\u00f3n de los resultados reportados por los pacientes a la pr\u00e1ctica cl\u00ednica\",\"breadcrumb\":{\"@id\":\"https:\\\/\\\/lluita.org\\\/es\\\/recibimos-la-beca-gilead-pro-para-desarrollar-estrategias-que-aumenten-la-difusion-e-implementacion-de-los-resultados-reportados-por-los-pacientes-a-la-practica-clinica\\\/#breadcrumb\"},\"inLanguage\":\"es\",\"potentialAction\":[{\"@type\":\"ReadAction\",\"target\":[\"https:\\\/\\\/lluita.org\\\/es\\\/recibimos-la-beca-gilead-pro-para-desarrollar-estrategias-que-aumenten-la-difusion-e-implementacion-de-los-resultados-reportados-por-los-pacientes-a-la-practica-clinica\\\/\"]}]},{\"@type\":\"ImageObject\",\"inLanguage\":\"es\",\"@id\":\"https:\\\/\\\/lluita.org\\\/es\\\/recibimos-la-beca-gilead-pro-para-desarrollar-estrategias-que-aumenten-la-difusion-e-implementacion-de-los-resultados-reportados-por-los-pacientes-a-la-practica-clinica\\\/#primaryimage\",\"url\":\"https:\\\/\\\/lluita.org\\\/custom\\\/uploads\\\/2022\\\/10\\\/beca_gilead.jpg\",\"contentUrl\":\"https:\\\/\\\/lluita.org\\\/custom\\\/uploads\\\/2022\\\/10\\\/beca_gilead.jpg\",\"width\":1160,\"height\":653,\"caption\":\"Rebem la beca Gilead \u2013 PRO per desenvolupar estrat\u00e8gies que augmentin la difusi\u00f3 i implementaci\u00f3 dels resultats reportats pel pacient a la pr\u00e0ctica cl\u00ednica\"},{\"@type\":\"BreadcrumbList\",\"@id\":\"https:\\\/\\\/lluita.org\\\/es\\\/recibimos-la-beca-gilead-pro-para-desarrollar-estrategias-que-aumenten-la-difusion-e-implementacion-de-los-resultados-reportados-por-los-pacientes-a-la-practica-clinica\\\/#breadcrumb\",\"itemListElement\":[{\"@type\":\"ListItem\",\"position\":1,\"name\":\"Inici\",\"item\":\"https:\\\/\\\/lluita.org\\\/es\\\/\"},{\"@type\":\"ListItem\",\"position\":2,\"name\":\"Recibimos la beca Gilead &#8211; PRO para desarrollar estrategias que aumenten la difusi\u00f3n e implementaci\u00f3n de los resultados reportados por los pacientes a la pr\u00e1ctica cl\u00ednica\"}]},{\"@type\":\"WebSite\",\"@id\":\"https:\\\/\\\/lluita.org\\\/#website\",\"url\":\"https:\\\/\\\/lluita.org\\\/\",\"name\":\"Fundaci\u00f3 Lluita contra les Infeccions\",\"description\":\"\",\"potentialAction\":[{\"@type\":\"SearchAction\",\"target\":{\"@type\":\"EntryPoint\",\"urlTemplate\":\"https:\\\/\\\/lluita.org\\\/?s={search_term_string}\"},\"query-input\":{\"@type\":\"PropertyValueSpecification\",\"valueRequired\":true,\"valueName\":\"search_term_string\"}}],\"inLanguage\":\"es\"},{\"@type\":\"Person\",\"@id\":\"https:\\\/\\\/lluita.org\\\/#\\\/schema\\\/person\\\/8b246ecace866ab17ec116739984bc80\",\"name\":\"fundaciolluita\",\"image\":{\"@type\":\"ImageObject\",\"inLanguage\":\"es\",\"@id\":\"https:\\\/\\\/secure.gravatar.com\\\/avatar\\\/18a97ff0e5d67038bad233b79246a7f922424d224871d207487c88e471e664c2?s=96&d=mm&r=g\",\"url\":\"https:\\\/\\\/secure.gravatar.com\\\/avatar\\\/18a97ff0e5d67038bad233b79246a7f922424d224871d207487c88e471e664c2?s=96&d=mm&r=g\",\"contentUrl\":\"https:\\\/\\\/secure.gravatar.com\\\/avatar\\\/18a97ff0e5d67038bad233b79246a7f922424d224871d207487c88e471e664c2?s=96&d=mm&r=g\",\"caption\":\"fundaciolluita\"},\"sameAs\":[\"https:\\\/\\\/new.lluita.org\\\/private\\\/\"],\"url\":\"https:\\\/\\\/lluita.org\\\/es\\\/author\\\/fundaciolluita\\\/\"}]}<\/script>\n<!-- \/ Yoast SEO Premium plugin. -->","yoast_head_json":{"title":"Recibimos la beca Gilead - PRO para desarrollar estrategias que aumenten la difusi\u00f3n e implementaci\u00f3n de los resultados reportados por los pacientes a la pr\u00e1ctica cl\u00ednica - Fundaci\u00f3 Lluita contra les Infeccions","description":"Recibimos la beca Gilead - PRO para desarrollar estrategias que aumenten la difusi\u00f3n e implementaci\u00f3n de los resultados reportados por los pacientes a la pr\u00e1ctica cl\u00ednica","robots":{"index":"index","follow":"follow","max-snippet":"max-snippet:-1","max-image-preview":"max-image-preview:large","max-video-preview":"max-video-preview:-1"},"canonical":"https:\/\/lluita.org\/es\/recibimos-la-beca-gilead-pro-para-desarrollar-estrategias-que-aumenten-la-difusion-e-implementacion-de-los-resultados-reportados-por-los-pacientes-a-la-practica-clinica\/","og_locale":"es_ES","og_type":"article","og_title":"Recibimos la beca Gilead - PRO para desarrollar estrategias que aumenten la difusi\u00f3n e implementaci\u00f3n de los resultados reportados por los pacientes a la pr\u00e1ctica cl\u00ednica","og_description":"Recibimos la beca Gilead - PRO para desarrollar estrategias que aumenten la difusi\u00f3n e implementaci\u00f3n de los resultados reportados por los pacientes a la pr\u00e1ctica cl\u00ednica","og_url":"https:\/\/lluita.org\/es\/recibimos-la-beca-gilead-pro-para-desarrollar-estrategias-que-aumenten-la-difusion-e-implementacion-de-los-resultados-reportados-por-los-pacientes-a-la-practica-clinica\/","og_site_name":"Fundaci\u00f3 Lluita contra les Infeccions","article_published_time":"2022-10-14T16:03:33+00:00","article_modified_time":"2023-06-22T09:14:35+00:00","og_image":[{"width":1160,"height":653,"url":"https:\/\/hundreds-wordpress-uploads.s3.amazonaws.com\/lluita\/uploads\/2022\/10\/beca_gilead.jpg","type":"image\/jpeg"}],"author":"fundaciolluita","twitter_card":"summary_large_image","twitter_misc":{"Escrito por":"fundaciolluita","Tiempo de lectura":"3 minutos"},"schema":{"@context":"https:\/\/schema.org","@graph":[{"@type":"Article","@id":"https:\/\/lluita.org\/es\/recibimos-la-beca-gilead-pro-para-desarrollar-estrategias-que-aumenten-la-difusion-e-implementacion-de-los-resultados-reportados-por-los-pacientes-a-la-practica-clinica\/#article","isPartOf":{"@id":"https:\/\/lluita.org\/es\/recibimos-la-beca-gilead-pro-para-desarrollar-estrategias-que-aumenten-la-difusion-e-implementacion-de-los-resultados-reportados-por-los-pacientes-a-la-practica-clinica\/"},"author":{"name":"fundaciolluita","@id":"https:\/\/lluita.org\/#\/schema\/person\/8b246ecace866ab17ec116739984bc80"},"headline":"Recibimos la beca Gilead &#8211; PRO para desarrollar estrategias que aumenten la difusi\u00f3n e implementaci\u00f3n de los resultados reportados por los pacientes a la pr\u00e1ctica cl\u00ednica","datePublished":"2022-10-14T16:03:33+00:00","dateModified":"2023-06-22T09:14:35+00:00","mainEntityOfPage":{"@id":"https:\/\/lluita.org\/es\/recibimos-la-beca-gilead-pro-para-desarrollar-estrategias-que-aumenten-la-difusion-e-implementacion-de-los-resultados-reportados-por-los-pacientes-a-la-practica-clinica\/"},"wordCount":570,"image":{"@id":"https:\/\/lluita.org\/es\/recibimos-la-beca-gilead-pro-para-desarrollar-estrategias-que-aumenten-la-difusion-e-implementacion-de-los-resultados-reportados-por-los-pacientes-a-la-practica-clinica\/#primaryimage"},"thumbnailUrl":"https:\/\/lluita.org\/custom\/uploads\/2022\/10\/beca_gilead.jpg","keywords":["Destacats Lateral","fundaci\u00f3n lucha","Fundaci\u00f3n Lucha contra las Infecciones","infecciones","Fundaci\u00f3 Lluita contra les Infeccions","VIH","Destacats Actualitat"],"articleSection":["VIH"],"inLanguage":"es"},{"@type":"WebPage","@id":"https:\/\/lluita.org\/es\/recibimos-la-beca-gilead-pro-para-desarrollar-estrategias-que-aumenten-la-difusion-e-implementacion-de-los-resultados-reportados-por-los-pacientes-a-la-practica-clinica\/","url":"https:\/\/lluita.org\/es\/recibimos-la-beca-gilead-pro-para-desarrollar-estrategias-que-aumenten-la-difusion-e-implementacion-de-los-resultados-reportados-por-los-pacientes-a-la-practica-clinica\/","name":"Recibimos la beca Gilead - PRO para desarrollar estrategias que aumenten la difusi\u00f3n e implementaci\u00f3n de los resultados reportados por los pacientes a la pr\u00e1ctica cl\u00ednica - Fundaci\u00f3 Lluita contra les Infeccions","isPartOf":{"@id":"https:\/\/lluita.org\/#website"},"primaryImageOfPage":{"@id":"https:\/\/lluita.org\/es\/recibimos-la-beca-gilead-pro-para-desarrollar-estrategias-que-aumenten-la-difusion-e-implementacion-de-los-resultados-reportados-por-los-pacientes-a-la-practica-clinica\/#primaryimage"},"image":{"@id":"https:\/\/lluita.org\/es\/recibimos-la-beca-gilead-pro-para-desarrollar-estrategias-que-aumenten-la-difusion-e-implementacion-de-los-resultados-reportados-por-los-pacientes-a-la-practica-clinica\/#primaryimage"},"thumbnailUrl":"https:\/\/lluita.org\/custom\/uploads\/2022\/10\/beca_gilead.jpg","datePublished":"2022-10-14T16:03:33+00:00","dateModified":"2023-06-22T09:14:35+00:00","author":{"@id":"https:\/\/lluita.org\/#\/schema\/person\/8b246ecace866ab17ec116739984bc80"},"description":"Recibimos la beca Gilead - PRO para desarrollar estrategias que aumenten la difusi\u00f3n e implementaci\u00f3n de los resultados reportados por los pacientes a la pr\u00e1ctica cl\u00ednica","breadcrumb":{"@id":"https:\/\/lluita.org\/es\/recibimos-la-beca-gilead-pro-para-desarrollar-estrategias-que-aumenten-la-difusion-e-implementacion-de-los-resultados-reportados-por-los-pacientes-a-la-practica-clinica\/#breadcrumb"},"inLanguage":"es","potentialAction":[{"@type":"ReadAction","target":["https:\/\/lluita.org\/es\/recibimos-la-beca-gilead-pro-para-desarrollar-estrategias-que-aumenten-la-difusion-e-implementacion-de-los-resultados-reportados-por-los-pacientes-a-la-practica-clinica\/"]}]},{"@type":"ImageObject","inLanguage":"es","@id":"https:\/\/lluita.org\/es\/recibimos-la-beca-gilead-pro-para-desarrollar-estrategias-que-aumenten-la-difusion-e-implementacion-de-los-resultados-reportados-por-los-pacientes-a-la-practica-clinica\/#primaryimage","url":"https:\/\/lluita.org\/custom\/uploads\/2022\/10\/beca_gilead.jpg","contentUrl":"https:\/\/lluita.org\/custom\/uploads\/2022\/10\/beca_gilead.jpg","width":1160,"height":653,"caption":"Rebem la beca Gilead \u2013 PRO per desenvolupar estrat\u00e8gies que augmentin la difusi\u00f3 i implementaci\u00f3 dels resultats reportats pel pacient a la pr\u00e0ctica cl\u00ednica"},{"@type":"BreadcrumbList","@id":"https:\/\/lluita.org\/es\/recibimos-la-beca-gilead-pro-para-desarrollar-estrategias-que-aumenten-la-difusion-e-implementacion-de-los-resultados-reportados-por-los-pacientes-a-la-practica-clinica\/#breadcrumb","itemListElement":[{"@type":"ListItem","position":1,"name":"Inici","item":"https:\/\/lluita.org\/es\/"},{"@type":"ListItem","position":2,"name":"Recibimos la beca Gilead &#8211; PRO para desarrollar estrategias que aumenten la difusi\u00f3n e implementaci\u00f3n de los resultados reportados por los pacientes a la pr\u00e1ctica cl\u00ednica"}]},{"@type":"WebSite","@id":"https:\/\/lluita.org\/#website","url":"https:\/\/lluita.org\/","name":"Fundaci\u00f3 Lluita contra les Infeccions","description":"","potentialAction":[{"@type":"SearchAction","target":{"@type":"EntryPoint","urlTemplate":"https:\/\/lluita.org\/?s={search_term_string}"},"query-input":{"@type":"PropertyValueSpecification","valueRequired":true,"valueName":"search_term_string"}}],"inLanguage":"es"},{"@type":"Person","@id":"https:\/\/lluita.org\/#\/schema\/person\/8b246ecace866ab17ec116739984bc80","name":"fundaciolluita","image":{"@type":"ImageObject","inLanguage":"es","@id":"https:\/\/secure.gravatar.com\/avatar\/18a97ff0e5d67038bad233b79246a7f922424d224871d207487c88e471e664c2?s=96&d=mm&r=g","url":"https:\/\/secure.gravatar.com\/avatar\/18a97ff0e5d67038bad233b79246a7f922424d224871d207487c88e471e664c2?s=96&d=mm&r=g","contentUrl":"https:\/\/secure.gravatar.com\/avatar\/18a97ff0e5d67038bad233b79246a7f922424d224871d207487c88e471e664c2?s=96&d=mm&r=g","caption":"fundaciolluita"},"sameAs":["https:\/\/new.lluita.org\/private\/"],"url":"https:\/\/lluita.org\/es\/author\/fundaciolluita\/"}]}},"_links":{"self":[{"href":"https:\/\/lluita.org\/es\/wp-json\/wp\/v2\/posts\/17415","targetHints":{"allow":["GET"]}}],"collection":[{"href":"https:\/\/lluita.org\/es\/wp-json\/wp\/v2\/posts"}],"about":[{"href":"https:\/\/lluita.org\/es\/wp-json\/wp\/v2\/types\/post"}],"author":[{"embeddable":true,"href":"https:\/\/lluita.org\/es\/wp-json\/wp\/v2\/users\/1"}],"replies":[{"embeddable":true,"href":"https:\/\/lluita.org\/es\/wp-json\/wp\/v2\/comments?post=17415"}],"version-history":[{"count":1,"href":"https:\/\/lluita.org\/es\/wp-json\/wp\/v2\/posts\/17415\/revisions"}],"predecessor-version":[{"id":20818,"href":"https:\/\/lluita.org\/es\/wp-json\/wp\/v2\/posts\/17415\/revisions\/20818"}],"wp:featuredmedia":[{"embeddable":true,"href":"https:\/\/lluita.org\/es\/wp-json\/wp\/v2\/media\/20817"}],"wp:attachment":[{"href":"https:\/\/lluita.org\/es\/wp-json\/wp\/v2\/media?parent=17415"}],"wp:term":[{"taxonomy":"category","embeddable":true,"href":"https:\/\/lluita.org\/es\/wp-json\/wp\/v2\/categories?post=17415"}],"curies":[{"name":"wp","href":"https:\/\/api.w.org\/{rel}","templated":true}]}}