{"id":19128,"date":"2022-12-01T11:24:52","date_gmt":"2022-12-01T11:24:52","guid":{"rendered":"https:\/\/www.lluita.org\/actualitat\/dia-mundial-de-la-sida-a-lespera-de-disposar-duna-vacuna-definitiva-contra-el-vih-la-recerca-avanca-millorant-els-tractaments-disponibles\/"},"modified":"2023-06-22T09:14:07","modified_gmt":"2023-06-22T09:14:07","slug":"dia-mundial-de-la-sida-a-lespera-de-disposar-duna-vacuna-definitiva-contra-el-vih-la-recerca-avanca-millorant-els-tractaments-disponibles-2","status":"publish","type":"post","link":"https:\/\/lluita.org\/es\/dia-mundial-de-la-sida-a-lespera-de-disposar-duna-vacuna-definitiva-contra-el-vih-la-recerca-avanca-millorant-els-tractaments-disponibles-2\/","title":{"rendered":"D\u00eda Mundial del Sida: A la espera de disponer de una vacuna definitiva contra el VIH, la investigaci\u00f3n avanza mejorando los tratamientos disponibles"},"content":{"rendered":"\n<p>Seg\u00fan los \u00faltimos datos de Naciones Unidas, en 2021 se calcula que 1,5 millones de personas se infectaron por el virus. El sida y otras enfermedades relacionadas con \u00e9sta han causado la muerte de 40,1 millones de personas en todo el mundo desde sus inicios y, aunque el n\u00famero de diagn\u00f3sticos sigue bajando a\u00f1o tras a\u00f1o, todav\u00eda afecta de forma muy importante a determinadas poblaciones con conductas de riesgo. &nbsp;<\/p>\n\n\n\n<p>Los \u00faltimos datos publicados por el Ministerio de Sanidad en Espa\u00f1a enfatizan, por ejemplo, que el colectivo de hombres que tienen sexo con hombres supuso el 55,2% de nuevos diagn\u00f3sticos en 2020, seguido por la transmisi\u00f3n por v\u00eda heterosexual, que supuso un 27,5%, y la que recae a las personas que se inyectan drogas (PID), que sum\u00f3 un 2,4%. <strong>Por tanto, el 82,7% de los nuevos diagn\u00f3sticos de VIH en 2020 fueron de transmisi\u00f3n sexual<\/strong>.<\/p>\n\n\n\n<p><strong>Vacuna<\/strong><\/p>\n\n\n\n<p>Actualmente las personas que conviven con el VIH deben tomar a diario el tratamiento antirretroviral ya que su sistema inmunitario no es capaz de controlar el virus espont\u00e1neamente. Ahora, los resultados del ensayo cl\u00ednico de la vacuna terap\u00e9utica HTI contra el VIH de <a href=\"https:\/\/www.aelixtherapeutics.com\/\">AELIX Therapeutix<\/a> confirman que el 40% de los participantes que han formado parte del estudio terap\u00e9utico y han recibido la vacuna controla mejor el virus cuando se les retira temporalmente el tratamiento antirretroviral respecto a quienes no se les administr\u00f3 la vacuna. Este hecho demuestra que la vacuna puede educar al sistema inmunitario para mejorar la respuesta contra el virus.<\/p>\n\n\n\n<p>\u00ab<strong>Los resultados positivos de este ensayo muestran que es posible inducir una respuesta inmune a una persona que vive con el VIH y as\u00ed permitir la supresi\u00f3n del virus en ausencia de medicaci\u00f3n antirretroviral<\/strong>\u00bb, comenta la doctora <strong>Beatriz Mothe<\/strong>, investigadora de la <strong>Fundaci\u00f3n Lucha contra las Infecciones<\/strong> e investigadora principal del estudio.<\/p>\n\n\n\n<p><strong>Tratamiento inyectable<\/strong><\/p>\n\n\n\n<p>El tratamiento de Cabotegravir + rilpivirina que ha sido desarrollado en colaboraci\u00f3n por dos farmac\u00e9uticas, <a href=\"https:\/\/viivhealthcare.com\/\">ViiV Healthcare<\/a> y <a href=\"https:\/\/www.janssen.com\/spain\/\">Janssen<\/a>, se convierte en el primer tratamiento de acci\u00f3n prolongada para el VIH gracias a una inyecci\u00f3n intramuscular administrable una vez cada dos meses. Por tanto, este nuevo f\u00e1rmaco permitir\u00e1 a los pacientes ahorrarse la toma diaria de una pastilla, porque la podr\u00e1n sustituir por esta inyecci\u00f3n intramuscular.<\/p>\n\n\n\n<p>Cabotegravir + rilpivirina de acci\u00f3n prolongada basa el mecanismo de acci\u00f3n en un nuevo sistema de nanopart\u00edculas o nanocristales que permiten que, despu\u00e9s de su administraci\u00f3n a trav\u00e9s de inyecci\u00f3n intramuscular, la medicaci\u00f3n se vaya liberando de forma gradual al organismo, manteni\u00e9ndose la eficacia de los f\u00e1rmacos durante 2 meses, momento en el que deben ser administrados nuevamente.<\/p>\n\n\n\n<p>\u00abExisten todav\u00eda algunos retos respecto a la toma de medicaci\u00f3n antirretroviral que con este nuevo tratamiento pueden quedar resueltos. Por ejemplo, ser\u00eda el caso de todos los aspectos relacionados con la calidad de vida, la confidencialidad, el estigma o la necesidad de ser adherente a la medicaci\u00f3n para controlar la infecci\u00f3n y evitar la transmisi\u00f3n a otras personas\u00bb, afirma la <strong>Dra. Eugenia Negredo, jefe de secci\u00f3n VIH Hospital Germans Trias de Badalona y Fundaci\u00f3n Lucha contra las Infecciones<\/strong>.<\/p>\n\n\n\n<p>Este tratamiento estar\u00e1 disponible en los hospitales del Estado espa\u00f1ol a partir de diciembre.<\/p>\n\n\n\n<p><strong>PrEP<\/strong><\/p>\n\n\n\n<p>El uso de la PrEP para prevenir la transmisi\u00f3n del VIH se ha implementado en muchos pa\u00edses y ha demostrado ser una herramienta muy efectiva y que puede ahorrar dinero en el Sistema de Salud. La PrEP consiste en una medicaci\u00f3n antirretroviral que toman las personas que no tienen VIH para evitar la infecci\u00f3n. Seg\u00fan los \u00faltimos datos disponibles, en Espa\u00f1a hay cerca de 14.000 personas usuarias de la PrEP. S\u00f3lo en Catalu\u00f1a hay m\u00e1s de 6.500, de las que 3.000 la reciben en <a href=\"https:\/\/www.bcncheckpoint.com\/\">BCN Checkpoint<\/a>.<\/p>\n\n\n\n<p>Un estudio coste-efectividad liderado por la Fundaci\u00f3n Lucha contra las Infecciones, en colaboraci\u00f3n con el Instituto de Investigaci\u00f3n del Sida IrsiCaixa \u2013centro impulsado conjuntamente por la Fundaci\u00f3n \u00abla Caixa\u00bb y el Departamento de Salud de la Generalitat de Catalunya\u2013 , el Hospital Germans Trias i Pujol, el Centro de Investigaci\u00f3n en Econom\u00eda iSalut (CRES) de la Universidad Pompeu Fabra (UPF), el proyecto de los NOMS-Hispanosida y BCN Checkpoint ha calculado el ahorro potencial que la generalizaci\u00f3n del uso del tratamiento preventivo contra la infecci\u00f3n por VIH (Profilaxis Pre-Exposici\u00f3n, PrEP) podr\u00eda generar en el sistema p\u00fablico de salud.<\/p>\n\n\n\n<p>Teniendo en cuenta que las personas con VIH viven una media aproximada de 40 a\u00f1os a partir del momento del diagn\u00f3stico, el sistema p\u00fablico llegar\u00eda a ahorrar 93 millones de euros en ese per\u00edodo de tiempo gracias al uso de la PrEP.<\/p>\n\n\n\n<p>\u00abConociendo la alt\u00edsima efectividad de la PrEP, el reto actual es facilitar el acceso a todas las personas que podr\u00edan beneficiarse, eliminando las barreras que todav\u00eda existen por recibirla. En este sentido, debe se\u00f1alarse que actualmente existen listas de espera, lo que significa que hay personas en situaci\u00f3n de riesgo y que pueden producirse infecciones por el VIH que ser\u00edan evitables\u00bb, explica el <strong>Dr. Pep Coll, responsable m\u00e9dico de BCN Checkpoint<\/strong>.<\/p>\n","protected":false},"excerpt":{"rendered":"<p>El sida y otras enfermedades relacionadas con \u00e9sta han causado la muerte de 40,1 millones de personas en todo el mundo desde sus inicios y, aunque el n\u00famero de diagn\u00f3sticos sigue bajando a\u00f1o tras a\u00f1o, todav\u00eda afecta de forma muy importante a determinadas poblaciones con conductas de riesgo. <\/p>\n","protected":false},"author":1,"featured_media":20841,"comment_status":"closed","ping_status":"closed","sticky":false,"template":"","format":"standard","meta":{"_acf_changed":false,"footnotes":""},"categories":[19],"class_list":["post-19128","post","type-post","status-publish","format-standard","has-post-thumbnail","hentry","category-vih-es"],"acf":[],"yoast_head":"<!-- This site is optimized with the Yoast SEO Premium plugin v27.4 (Yoast SEO v27.5) - https:\/\/yoast.com\/product\/yoast-seo-premium-wordpress\/ -->\n<title>D\u00eda Mundial del Sida: A la espera de disponer de una vacuna definitiva contra el VIH, la investigaci\u00f3n avanza mejorando los tratamientos disponibles - Fundaci\u00f3 Lluita contra les Infeccions<\/title>\n<meta name=\"robots\" content=\"index, follow, max-snippet:-1, max-image-preview:large, max-video-preview:-1\" \/>\n<link rel=\"canonical\" href=\"https:\/\/lluita.org\/es\/dia-mundial-de-la-sida-a-lespera-de-disposar-duna-vacuna-definitiva-contra-el-vih-la-recerca-avanca-millorant-els-tractaments-disponibles-2\/\" \/>\n<meta property=\"og:locale\" content=\"es_ES\" \/>\n<meta property=\"og:type\" content=\"article\" \/>\n<meta property=\"og:title\" content=\"D\u00eda Mundial del Sida: A la espera de disponer de una vacuna definitiva contra el VIH, la investigaci\u00f3n avanza mejorando los tratamientos disponibles\" \/>\n<meta property=\"og:description\" content=\"El sida y otras enfermedades relacionadas con \u00e9sta han causado la muerte de 40,1 millones de personas en todo el mundo desde sus inicios y, aunque el n\u00famero de diagn\u00f3sticos sigue bajando a\u00f1o tras a\u00f1o, todav\u00eda afecta de forma muy importante a determinadas poblaciones con conductas de riesgo.\" \/>\n<meta property=\"og:url\" content=\"https:\/\/lluita.org\/es\/dia-mundial-de-la-sida-a-lespera-de-disposar-duna-vacuna-definitiva-contra-el-vih-la-recerca-avanca-millorant-els-tractaments-disponibles-2\/\" \/>\n<meta property=\"og:site_name\" content=\"Fundaci\u00f3 Lluita contra les Infeccions\" \/>\n<meta property=\"article:published_time\" content=\"2022-12-01T11:24:52+00:00\" \/>\n<meta property=\"article:modified_time\" content=\"2023-06-22T09:14:07+00:00\" \/>\n<meta property=\"og:image\" content=\"https:\/\/hundreds-wordpress-uploads.s3.amazonaws.com\/lluita\/uploads\/2022\/12\/dia_mundial_vih.jpg\" \/>\n\t<meta property=\"og:image:width\" content=\"1160\" \/>\n\t<meta property=\"og:image:height\" content=\"526\" \/>\n\t<meta property=\"og:image:type\" content=\"image\/jpeg\" \/>\n<meta name=\"author\" content=\"fundaciolluita\" \/>\n<meta name=\"twitter:card\" content=\"summary_large_image\" \/>\n<meta name=\"twitter:label1\" content=\"Escrito por\" \/>\n\t<meta name=\"twitter:data1\" content=\"fundaciolluita\" \/>\n\t<meta name=\"twitter:label2\" content=\"Tiempo de lectura\" \/>\n\t<meta name=\"twitter:data2\" content=\"5 minutos\" \/>\n<script type=\"application\/ld+json\" class=\"yoast-schema-graph\">{\"@context\":\"https:\\\/\\\/schema.org\",\"@graph\":[{\"@type\":\"Article\",\"@id\":\"https:\\\/\\\/lluita.org\\\/es\\\/dia-mundial-de-la-sida-a-lespera-de-disposar-duna-vacuna-definitiva-contra-el-vih-la-recerca-avanca-millorant-els-tractaments-disponibles-2\\\/#article\",\"isPartOf\":{\"@id\":\"https:\\\/\\\/lluita.org\\\/es\\\/dia-mundial-de-la-sida-a-lespera-de-disposar-duna-vacuna-definitiva-contra-el-vih-la-recerca-avanca-millorant-els-tractaments-disponibles-2\\\/\"},\"author\":{\"name\":\"fundaciolluita\",\"@id\":\"https:\\\/\\\/lluita.org\\\/#\\\/schema\\\/person\\\/8b246ecace866ab17ec116739984bc80\"},\"headline\":\"D\u00eda Mundial del Sida: A la espera de disponer de una vacuna definitiva contra el VIH, la investigaci\u00f3n avanza mejorando los tratamientos disponibles\",\"datePublished\":\"2022-12-01T11:24:52+00:00\",\"dateModified\":\"2023-06-22T09:14:07+00:00\",\"mainEntityOfPage\":{\"@id\":\"https:\\\/\\\/lluita.org\\\/es\\\/dia-mundial-de-la-sida-a-lespera-de-disposar-duna-vacuna-definitiva-contra-el-vih-la-recerca-avanca-millorant-els-tractaments-disponibles-2\\\/\"},\"wordCount\":899,\"image\":{\"@id\":\"https:\\\/\\\/lluita.org\\\/es\\\/dia-mundial-de-la-sida-a-lespera-de-disposar-duna-vacuna-definitiva-contra-el-vih-la-recerca-avanca-millorant-els-tractaments-disponibles-2\\\/#primaryimage\"},\"thumbnailUrl\":\"https:\\\/\\\/lluita.org\\\/custom\\\/uploads\\\/2022\\\/12\\\/dia_mundial_vih.jpg\",\"keywords\":[\"Fundaci\u00f3 Lluita contra les Infeccions\",\"investigaci\u00f3\",\"destacats-vih - ES\",\"fundaci\u00f3n lucha\",\"Fundaci\u00f3n Lucha contra las Infecciones\",\"#investigaci\u00f3n\",\"#recerca\",\"#sida\",\"#VIH\",\"fundaci\u00f3 lluita\"],\"articleSection\":[\"VIH\"],\"inLanguage\":\"es\"},{\"@type\":\"WebPage\",\"@id\":\"https:\\\/\\\/lluita.org\\\/es\\\/dia-mundial-de-la-sida-a-lespera-de-disposar-duna-vacuna-definitiva-contra-el-vih-la-recerca-avanca-millorant-els-tractaments-disponibles-2\\\/\",\"url\":\"https:\\\/\\\/lluita.org\\\/es\\\/dia-mundial-de-la-sida-a-lespera-de-disposar-duna-vacuna-definitiva-contra-el-vih-la-recerca-avanca-millorant-els-tractaments-disponibles-2\\\/\",\"name\":\"D\u00eda Mundial del Sida: A la espera de disponer de una vacuna definitiva contra el VIH, la investigaci\u00f3n avanza mejorando los tratamientos disponibles - Fundaci\u00f3 Lluita contra les Infeccions\",\"isPartOf\":{\"@id\":\"https:\\\/\\\/lluita.org\\\/#website\"},\"primaryImageOfPage\":{\"@id\":\"https:\\\/\\\/lluita.org\\\/es\\\/dia-mundial-de-la-sida-a-lespera-de-disposar-duna-vacuna-definitiva-contra-el-vih-la-recerca-avanca-millorant-els-tractaments-disponibles-2\\\/#primaryimage\"},\"image\":{\"@id\":\"https:\\\/\\\/lluita.org\\\/es\\\/dia-mundial-de-la-sida-a-lespera-de-disposar-duna-vacuna-definitiva-contra-el-vih-la-recerca-avanca-millorant-els-tractaments-disponibles-2\\\/#primaryimage\"},\"thumbnailUrl\":\"https:\\\/\\\/lluita.org\\\/custom\\\/uploads\\\/2022\\\/12\\\/dia_mundial_vih.jpg\",\"datePublished\":\"2022-12-01T11:24:52+00:00\",\"dateModified\":\"2023-06-22T09:14:07+00:00\",\"author\":{\"@id\":\"https:\\\/\\\/lluita.org\\\/#\\\/schema\\\/person\\\/8b246ecace866ab17ec116739984bc80\"},\"breadcrumb\":{\"@id\":\"https:\\\/\\\/lluita.org\\\/es\\\/dia-mundial-de-la-sida-a-lespera-de-disposar-duna-vacuna-definitiva-contra-el-vih-la-recerca-avanca-millorant-els-tractaments-disponibles-2\\\/#breadcrumb\"},\"inLanguage\":\"es\",\"potentialAction\":[{\"@type\":\"ReadAction\",\"target\":[\"https:\\\/\\\/lluita.org\\\/es\\\/dia-mundial-de-la-sida-a-lespera-de-disposar-duna-vacuna-definitiva-contra-el-vih-la-recerca-avanca-millorant-els-tractaments-disponibles-2\\\/\"]}]},{\"@type\":\"ImageObject\",\"inLanguage\":\"es\",\"@id\":\"https:\\\/\\\/lluita.org\\\/es\\\/dia-mundial-de-la-sida-a-lespera-de-disposar-duna-vacuna-definitiva-contra-el-vih-la-recerca-avanca-millorant-els-tractaments-disponibles-2\\\/#primaryimage\",\"url\":\"https:\\\/\\\/lluita.org\\\/custom\\\/uploads\\\/2022\\\/12\\\/dia_mundial_vih.jpg\",\"contentUrl\":\"https:\\\/\\\/lluita.org\\\/custom\\\/uploads\\\/2022\\\/12\\\/dia_mundial_vih.jpg\",\"width\":1160,\"height\":526,\"caption\":\"Dia Mundial de la Sida: A l\u2019espera de disposar d\u2019una vacuna definitiva contra el VIH, la recerca avan\u00e7a millorant els tractaments disponibles\"},{\"@type\":\"BreadcrumbList\",\"@id\":\"https:\\\/\\\/lluita.org\\\/es\\\/dia-mundial-de-la-sida-a-lespera-de-disposar-duna-vacuna-definitiva-contra-el-vih-la-recerca-avanca-millorant-els-tractaments-disponibles-2\\\/#breadcrumb\",\"itemListElement\":[{\"@type\":\"ListItem\",\"position\":1,\"name\":\"Inici\",\"item\":\"https:\\\/\\\/lluita.org\\\/es\\\/\"},{\"@type\":\"ListItem\",\"position\":2,\"name\":\"D\u00eda Mundial del Sida: A la espera de disponer de una vacuna definitiva contra el VIH, la investigaci\u00f3n avanza mejorando los tratamientos disponibles\"}]},{\"@type\":\"WebSite\",\"@id\":\"https:\\\/\\\/lluita.org\\\/#website\",\"url\":\"https:\\\/\\\/lluita.org\\\/\",\"name\":\"Fundaci\u00f3 Lluita contra les Infeccions\",\"description\":\"\",\"potentialAction\":[{\"@type\":\"SearchAction\",\"target\":{\"@type\":\"EntryPoint\",\"urlTemplate\":\"https:\\\/\\\/lluita.org\\\/?s={search_term_string}\"},\"query-input\":{\"@type\":\"PropertyValueSpecification\",\"valueRequired\":true,\"valueName\":\"search_term_string\"}}],\"inLanguage\":\"es\"},{\"@type\":\"Person\",\"@id\":\"https:\\\/\\\/lluita.org\\\/#\\\/schema\\\/person\\\/8b246ecace866ab17ec116739984bc80\",\"name\":\"fundaciolluita\",\"image\":{\"@type\":\"ImageObject\",\"inLanguage\":\"es\",\"@id\":\"https:\\\/\\\/secure.gravatar.com\\\/avatar\\\/18a97ff0e5d67038bad233b79246a7f922424d224871d207487c88e471e664c2?s=96&d=mm&r=g\",\"url\":\"https:\\\/\\\/secure.gravatar.com\\\/avatar\\\/18a97ff0e5d67038bad233b79246a7f922424d224871d207487c88e471e664c2?s=96&d=mm&r=g\",\"contentUrl\":\"https:\\\/\\\/secure.gravatar.com\\\/avatar\\\/18a97ff0e5d67038bad233b79246a7f922424d224871d207487c88e471e664c2?s=96&d=mm&r=g\",\"caption\":\"fundaciolluita\"},\"sameAs\":[\"https:\\\/\\\/new.lluita.org\\\/private\\\/\"],\"url\":\"https:\\\/\\\/lluita.org\\\/es\\\/author\\\/fundaciolluita\\\/\"}]}<\/script>\n<!-- \/ Yoast SEO Premium plugin. -->","yoast_head_json":{"title":"D\u00eda Mundial del Sida: A la espera de disponer de una vacuna definitiva contra el VIH, la investigaci\u00f3n avanza mejorando los tratamientos disponibles - Fundaci\u00f3 Lluita contra les Infeccions","robots":{"index":"index","follow":"follow","max-snippet":"max-snippet:-1","max-image-preview":"max-image-preview:large","max-video-preview":"max-video-preview:-1"},"canonical":"https:\/\/lluita.org\/es\/dia-mundial-de-la-sida-a-lespera-de-disposar-duna-vacuna-definitiva-contra-el-vih-la-recerca-avanca-millorant-els-tractaments-disponibles-2\/","og_locale":"es_ES","og_type":"article","og_title":"D\u00eda Mundial del Sida: A la espera de disponer de una vacuna definitiva contra el VIH, la investigaci\u00f3n avanza mejorando los tratamientos disponibles","og_description":"El sida y otras enfermedades relacionadas con \u00e9sta han causado la muerte de 40,1 millones de personas en todo el mundo desde sus inicios y, aunque el n\u00famero de diagn\u00f3sticos sigue bajando a\u00f1o tras a\u00f1o, todav\u00eda afecta de forma muy importante a determinadas poblaciones con conductas de riesgo.","og_url":"https:\/\/lluita.org\/es\/dia-mundial-de-la-sida-a-lespera-de-disposar-duna-vacuna-definitiva-contra-el-vih-la-recerca-avanca-millorant-els-tractaments-disponibles-2\/","og_site_name":"Fundaci\u00f3 Lluita contra les Infeccions","article_published_time":"2022-12-01T11:24:52+00:00","article_modified_time":"2023-06-22T09:14:07+00:00","og_image":[{"width":1160,"height":526,"url":"https:\/\/hundreds-wordpress-uploads.s3.amazonaws.com\/lluita\/uploads\/2022\/12\/dia_mundial_vih.jpg","type":"image\/jpeg"}],"author":"fundaciolluita","twitter_card":"summary_large_image","twitter_misc":{"Escrito por":"fundaciolluita","Tiempo de lectura":"5 minutos"},"schema":{"@context":"https:\/\/schema.org","@graph":[{"@type":"Article","@id":"https:\/\/lluita.org\/es\/dia-mundial-de-la-sida-a-lespera-de-disposar-duna-vacuna-definitiva-contra-el-vih-la-recerca-avanca-millorant-els-tractaments-disponibles-2\/#article","isPartOf":{"@id":"https:\/\/lluita.org\/es\/dia-mundial-de-la-sida-a-lespera-de-disposar-duna-vacuna-definitiva-contra-el-vih-la-recerca-avanca-millorant-els-tractaments-disponibles-2\/"},"author":{"name":"fundaciolluita","@id":"https:\/\/lluita.org\/#\/schema\/person\/8b246ecace866ab17ec116739984bc80"},"headline":"D\u00eda Mundial del Sida: A la espera de disponer de una vacuna definitiva contra el VIH, la investigaci\u00f3n avanza mejorando los tratamientos disponibles","datePublished":"2022-12-01T11:24:52+00:00","dateModified":"2023-06-22T09:14:07+00:00","mainEntityOfPage":{"@id":"https:\/\/lluita.org\/es\/dia-mundial-de-la-sida-a-lespera-de-disposar-duna-vacuna-definitiva-contra-el-vih-la-recerca-avanca-millorant-els-tractaments-disponibles-2\/"},"wordCount":899,"image":{"@id":"https:\/\/lluita.org\/es\/dia-mundial-de-la-sida-a-lespera-de-disposar-duna-vacuna-definitiva-contra-el-vih-la-recerca-avanca-millorant-els-tractaments-disponibles-2\/#primaryimage"},"thumbnailUrl":"https:\/\/lluita.org\/custom\/uploads\/2022\/12\/dia_mundial_vih.jpg","keywords":["Fundaci\u00f3 Lluita contra les Infeccions","investigaci\u00f3","destacats-vih - ES","fundaci\u00f3n lucha","Fundaci\u00f3n Lucha contra las Infecciones","#investigaci\u00f3n","#recerca","#sida","#VIH","fundaci\u00f3 lluita"],"articleSection":["VIH"],"inLanguage":"es"},{"@type":"WebPage","@id":"https:\/\/lluita.org\/es\/dia-mundial-de-la-sida-a-lespera-de-disposar-duna-vacuna-definitiva-contra-el-vih-la-recerca-avanca-millorant-els-tractaments-disponibles-2\/","url":"https:\/\/lluita.org\/es\/dia-mundial-de-la-sida-a-lespera-de-disposar-duna-vacuna-definitiva-contra-el-vih-la-recerca-avanca-millorant-els-tractaments-disponibles-2\/","name":"D\u00eda Mundial del Sida: A la espera de disponer de una vacuna definitiva contra el VIH, la investigaci\u00f3n avanza mejorando los tratamientos disponibles - Fundaci\u00f3 Lluita contra les Infeccions","isPartOf":{"@id":"https:\/\/lluita.org\/#website"},"primaryImageOfPage":{"@id":"https:\/\/lluita.org\/es\/dia-mundial-de-la-sida-a-lespera-de-disposar-duna-vacuna-definitiva-contra-el-vih-la-recerca-avanca-millorant-els-tractaments-disponibles-2\/#primaryimage"},"image":{"@id":"https:\/\/lluita.org\/es\/dia-mundial-de-la-sida-a-lespera-de-disposar-duna-vacuna-definitiva-contra-el-vih-la-recerca-avanca-millorant-els-tractaments-disponibles-2\/#primaryimage"},"thumbnailUrl":"https:\/\/lluita.org\/custom\/uploads\/2022\/12\/dia_mundial_vih.jpg","datePublished":"2022-12-01T11:24:52+00:00","dateModified":"2023-06-22T09:14:07+00:00","author":{"@id":"https:\/\/lluita.org\/#\/schema\/person\/8b246ecace866ab17ec116739984bc80"},"breadcrumb":{"@id":"https:\/\/lluita.org\/es\/dia-mundial-de-la-sida-a-lespera-de-disposar-duna-vacuna-definitiva-contra-el-vih-la-recerca-avanca-millorant-els-tractaments-disponibles-2\/#breadcrumb"},"inLanguage":"es","potentialAction":[{"@type":"ReadAction","target":["https:\/\/lluita.org\/es\/dia-mundial-de-la-sida-a-lespera-de-disposar-duna-vacuna-definitiva-contra-el-vih-la-recerca-avanca-millorant-els-tractaments-disponibles-2\/"]}]},{"@type":"ImageObject","inLanguage":"es","@id":"https:\/\/lluita.org\/es\/dia-mundial-de-la-sida-a-lespera-de-disposar-duna-vacuna-definitiva-contra-el-vih-la-recerca-avanca-millorant-els-tractaments-disponibles-2\/#primaryimage","url":"https:\/\/lluita.org\/custom\/uploads\/2022\/12\/dia_mundial_vih.jpg","contentUrl":"https:\/\/lluita.org\/custom\/uploads\/2022\/12\/dia_mundial_vih.jpg","width":1160,"height":526,"caption":"Dia Mundial de la Sida: A l\u2019espera de disposar d\u2019una vacuna definitiva contra el VIH, la recerca avan\u00e7a millorant els tractaments disponibles"},{"@type":"BreadcrumbList","@id":"https:\/\/lluita.org\/es\/dia-mundial-de-la-sida-a-lespera-de-disposar-duna-vacuna-definitiva-contra-el-vih-la-recerca-avanca-millorant-els-tractaments-disponibles-2\/#breadcrumb","itemListElement":[{"@type":"ListItem","position":1,"name":"Inici","item":"https:\/\/lluita.org\/es\/"},{"@type":"ListItem","position":2,"name":"D\u00eda Mundial del Sida: A la espera de disponer de una vacuna definitiva contra el VIH, la investigaci\u00f3n avanza mejorando los tratamientos disponibles"}]},{"@type":"WebSite","@id":"https:\/\/lluita.org\/#website","url":"https:\/\/lluita.org\/","name":"Fundaci\u00f3 Lluita contra les Infeccions","description":"","potentialAction":[{"@type":"SearchAction","target":{"@type":"EntryPoint","urlTemplate":"https:\/\/lluita.org\/?s={search_term_string}"},"query-input":{"@type":"PropertyValueSpecification","valueRequired":true,"valueName":"search_term_string"}}],"inLanguage":"es"},{"@type":"Person","@id":"https:\/\/lluita.org\/#\/schema\/person\/8b246ecace866ab17ec116739984bc80","name":"fundaciolluita","image":{"@type":"ImageObject","inLanguage":"es","@id":"https:\/\/secure.gravatar.com\/avatar\/18a97ff0e5d67038bad233b79246a7f922424d224871d207487c88e471e664c2?s=96&d=mm&r=g","url":"https:\/\/secure.gravatar.com\/avatar\/18a97ff0e5d67038bad233b79246a7f922424d224871d207487c88e471e664c2?s=96&d=mm&r=g","contentUrl":"https:\/\/secure.gravatar.com\/avatar\/18a97ff0e5d67038bad233b79246a7f922424d224871d207487c88e471e664c2?s=96&d=mm&r=g","caption":"fundaciolluita"},"sameAs":["https:\/\/new.lluita.org\/private\/"],"url":"https:\/\/lluita.org\/es\/author\/fundaciolluita\/"}]}},"_links":{"self":[{"href":"https:\/\/lluita.org\/es\/wp-json\/wp\/v2\/posts\/19128","targetHints":{"allow":["GET"]}}],"collection":[{"href":"https:\/\/lluita.org\/es\/wp-json\/wp\/v2\/posts"}],"about":[{"href":"https:\/\/lluita.org\/es\/wp-json\/wp\/v2\/types\/post"}],"author":[{"embeddable":true,"href":"https:\/\/lluita.org\/es\/wp-json\/wp\/v2\/users\/1"}],"replies":[{"embeddable":true,"href":"https:\/\/lluita.org\/es\/wp-json\/wp\/v2\/comments?post=19128"}],"version-history":[{"count":1,"href":"https:\/\/lluita.org\/es\/wp-json\/wp\/v2\/posts\/19128\/revisions"}],"predecessor-version":[{"id":21603,"href":"https:\/\/lluita.org\/es\/wp-json\/wp\/v2\/posts\/19128\/revisions\/21603"}],"wp:featuredmedia":[{"embeddable":true,"href":"https:\/\/lluita.org\/es\/wp-json\/wp\/v2\/media\/20841"}],"wp:attachment":[{"href":"https:\/\/lluita.org\/es\/wp-json\/wp\/v2\/media?parent=19128"}],"wp:term":[{"taxonomy":"category","embeddable":true,"href":"https:\/\/lluita.org\/es\/wp-json\/wp\/v2\/categories?post=19128"}],"curies":[{"name":"wp","href":"https:\/\/api.w.org\/{rel}","templated":true}]}}