{"id":19270,"date":"2023-01-31T15:44:25","date_gmt":"2023-01-31T15:44:25","guid":{"rendered":"https:\/\/www.lluita.org\/actualitat\/situacio-actual-de-la-covid-19-persistent-a-catalunya-on-ens-trobem\/"},"modified":"2023-06-22T09:13:37","modified_gmt":"2023-06-22T09:13:37","slug":"situacio-actual-de-la-covid-19-persistent-a-catalunya-on-ens-trobem-2","status":"publish","type":"post","link":"https:\/\/lluita.org\/es\/situacio-actual-de-la-covid-19-persistent-a-catalunya-on-ens-trobem-2\/","title":{"rendered":"Situaci\u00f3n actual de la COVID-19 persistente en Catalu\u00f1a. \u00bfEn qu\u00e9 momento estamos?"},"content":{"rendered":"\n<p>La COVID persistente es todav\u00eda a d\u00eda de hoy una de las grandes inc\u00f3gnitas que ha tra\u00eddo la pandemia de la COVID-19, y que ha sido definida por la Organizaci\u00f3n Mundial de la Salud (OMS) como <strong>una enfermedad que contraen a personas con antecedentes de infecci\u00f3n probable o confirmada por el SARS-CoV-2, normalmente en los tres meses siguientes al inicio de la COVID-19, con s\u00edntomas y efectos que duran al menos dos meses y que no pueden atribuirse a un diagn\u00f3stico alternativo<\/strong>. Desde la identificaci\u00f3n de los primeros casos de COVID persistente a principios de 2021, la <a href=\"https:\/\/www.lluita.org\/es\/\">Fundaci\u00f3n Lucha contra las Infecciones<\/a>, el <a href=\"http:\/\/www.hospitalgermanstrias.cat\/web\/guest\/inicio\">Hospital Germans Trias i Pujol<\/a> e <a href=\"https:\/\/www.irsicaixa.es\/es\">IrsiCaixa<\/a> crearon la <strong>Unidad de COVID Persistente<\/strong> para ofrecer una atenci\u00f3n personalizada a las personas afectadas, as\u00ed como impulsar la investigaci\u00f3n cient\u00edfica en este campo.<\/p>\n\n\n\n<p>Ante la necesidad de seguir generando conocimiento en torno a esta condici\u00f3n, la investigadora principal de IrsiCaixa <strong>Marta Massanella<\/strong> y la m\u00e9dica de la Fundaci\u00f3n Lucha contra las Infecciones <strong>Lourdes Mateu<\/strong>, ambas co-coordinadoras de la investigaci\u00f3n de COVID Persistente, junto con el investigador principal de IrsiCaixa <strong>Juli\u00e0 Blanco<\/strong> y el jefe del Servicio de Infecciosas del Hospital Germans Trias i Pujol e investigador principal de IrsiCaixa <strong>Roger Paredes<\/strong> han participado en la elaboraci\u00f3n de un documento redactado por profesionales de la salud de toda Catalu\u00f1a en lo que se analiza de forma exhaustiva la actualidad de la COVID persistente en el territorio catal\u00e1n.<\/p>\n\n\n\n<p>El informe recoge los datos de prevalencia de esta condici\u00f3n en Catalu\u00f1a, los recursos asistenciales disponibles, la opini\u00f3n del colectivo de personas afectadas por la COVID persistente, una descripci\u00f3n de las gu\u00edas por el manejo cl\u00ednico de pacientes con esta condici\u00f3n en el mundo, una reflexi\u00f3n sobre las \u00e1reas de incertidumbre actuales y, finalmente, propuestas de mejora para la adecuaci\u00f3n a las necesidades del colectivo de personas afectadas.<\/p>\n\n\n\n<p><a href=\"https:\/\/www.lluita.org\/wp-content\/uploads\/2023\/01\/230120_Informe-Long-Covid-.pdf\">Informe oficial del Comit\u00e9 Cient\u00edfico Asesor COVID-19<\/a>.<\/p>\n\n\n\n<p><\/p>\n","protected":false},"excerpt":{"rendered":"<p>El informe describe la situaci\u00f3n actual de la COVID-19 persistente en Catalu\u00f1a. Carga estimada, recursos asistenciales, experiencias internacionales y \u00e1reas de incertidumbre.<\/p>\n","protected":false},"author":1,"featured_media":20637,"comment_status":"closed","ping_status":"closed","sticky":false,"template":"","format":"standard","meta":{"_acf_changed":false,"footnotes":""},"categories":[18],"class_list":["post-19270","post","type-post","status-publish","format-standard","has-post-thumbnail","hentry","category-covid-19-es"],"acf":[],"yoast_head":"<!-- This site is optimized with the Yoast SEO Premium plugin v27.4 (Yoast SEO v27.5) - https:\/\/yoast.com\/product\/yoast-seo-premium-wordpress\/ -->\n<title>Situaci\u00f3n actual de la COVID-19 persistente en Catalu\u00f1a. \u00bfEn qu\u00e9 momento estamos? - Fundaci\u00f3 Lluita contra les Infeccions<\/title>\n<meta name=\"robots\" content=\"index, follow, max-snippet:-1, max-image-preview:large, max-video-preview:-1\" \/>\n<link rel=\"canonical\" href=\"https:\/\/lluita.org\/es\/situacio-actual-de-la-covid-19-persistent-a-catalunya-on-ens-trobem-2\/\" \/>\n<meta property=\"og:locale\" content=\"es_ES\" \/>\n<meta property=\"og:type\" content=\"article\" \/>\n<meta property=\"og:title\" content=\"Situaci\u00f3n actual de la COVID-19 persistente en Catalu\u00f1a. \u00bfEn qu\u00e9 momento estamos?\" \/>\n<meta property=\"og:description\" content=\"El informe describe la situaci\u00f3n actual de la COVID-19 persistente en Catalu\u00f1a. Carga estimada, recursos asistenciales, experiencias internacionales y \u00e1reas de incertidumbre.\" \/>\n<meta property=\"og:url\" content=\"https:\/\/lluita.org\/es\/situacio-actual-de-la-covid-19-persistent-a-catalunya-on-ens-trobem-2\/\" \/>\n<meta property=\"og:site_name\" content=\"Fundaci\u00f3 Lluita contra les Infeccions\" \/>\n<meta property=\"article:published_time\" content=\"2023-01-31T15:44:25+00:00\" \/>\n<meta property=\"article:modified_time\" content=\"2023-06-22T09:13:37+00:00\" \/>\n<meta property=\"og:image\" content=\"https:\/\/hundreds-wordpress-uploads.s3.amazonaws.com\/lluita\/uploads\/2023\/01\/covid_persistent.jpg\" \/>\n\t<meta property=\"og:image:width\" content=\"1200\" \/>\n\t<meta property=\"og:image:height\" content=\"800\" \/>\n\t<meta property=\"og:image:type\" content=\"image\/jpeg\" \/>\n<meta name=\"author\" content=\"fundaciolluita\" \/>\n<meta name=\"twitter:card\" content=\"summary_large_image\" \/>\n<meta name=\"twitter:label1\" content=\"Escrito por\" \/>\n\t<meta name=\"twitter:data1\" content=\"fundaciolluita\" \/>\n\t<meta name=\"twitter:label2\" content=\"Tiempo de lectura\" \/>\n\t<meta name=\"twitter:data2\" content=\"2 minutos\" \/>\n<script type=\"application\/ld+json\" class=\"yoast-schema-graph\">{\"@context\":\"https:\\\/\\\/schema.org\",\"@graph\":[{\"@type\":\"Article\",\"@id\":\"https:\\\/\\\/lluita.org\\\/es\\\/situacio-actual-de-la-covid-19-persistent-a-catalunya-on-ens-trobem-2\\\/#article\",\"isPartOf\":{\"@id\":\"https:\\\/\\\/lluita.org\\\/es\\\/situacio-actual-de-la-covid-19-persistent-a-catalunya-on-ens-trobem-2\\\/\"},\"author\":{\"name\":\"fundaciolluita\",\"@id\":\"https:\\\/\\\/lluita.org\\\/#\\\/schema\\\/person\\\/8b246ecace866ab17ec116739984bc80\"},\"headline\":\"Situaci\u00f3n actual de la COVID-19 persistente en Catalu\u00f1a. \u00bfEn qu\u00e9 momento estamos?\",\"datePublished\":\"2023-01-31T15:44:25+00:00\",\"dateModified\":\"2023-06-22T09:13:37+00:00\",\"mainEntityOfPage\":{\"@id\":\"https:\\\/\\\/lluita.org\\\/es\\\/situacio-actual-de-la-covid-19-persistent-a-catalunya-on-ens-trobem-2\\\/\"},\"wordCount\":355,\"image\":{\"@id\":\"https:\\\/\\\/lluita.org\\\/es\\\/situacio-actual-de-la-covid-19-persistent-a-catalunya-on-ens-trobem-2\\\/#primaryimage\"},\"thumbnailUrl\":\"https:\\\/\\\/lluita.org\\\/custom\\\/uploads\\\/2023\\\/01\\\/covid_persistent.jpg\",\"keywords\":[\"COVID persistente\",\"long covid\",\"COVID-19\",\"Destacats Actualitat\",\"Destacats Lateral\",\"fundaci\u00f3n lucha\",\"Fundaci\u00f3n Lucha contra las Infecciones\",\"infecciones\",\"investigaci\u00f3n\"],\"articleSection\":[\"COVID-19\"],\"inLanguage\":\"es\"},{\"@type\":\"WebPage\",\"@id\":\"https:\\\/\\\/lluita.org\\\/es\\\/situacio-actual-de-la-covid-19-persistent-a-catalunya-on-ens-trobem-2\\\/\",\"url\":\"https:\\\/\\\/lluita.org\\\/es\\\/situacio-actual-de-la-covid-19-persistent-a-catalunya-on-ens-trobem-2\\\/\",\"name\":\"Situaci\u00f3n actual de la COVID-19 persistente en Catalu\u00f1a. \u00bfEn qu\u00e9 momento estamos? - Fundaci\u00f3 Lluita contra les Infeccions\",\"isPartOf\":{\"@id\":\"https:\\\/\\\/lluita.org\\\/#website\"},\"primaryImageOfPage\":{\"@id\":\"https:\\\/\\\/lluita.org\\\/es\\\/situacio-actual-de-la-covid-19-persistent-a-catalunya-on-ens-trobem-2\\\/#primaryimage\"},\"image\":{\"@id\":\"https:\\\/\\\/lluita.org\\\/es\\\/situacio-actual-de-la-covid-19-persistent-a-catalunya-on-ens-trobem-2\\\/#primaryimage\"},\"thumbnailUrl\":\"https:\\\/\\\/lluita.org\\\/custom\\\/uploads\\\/2023\\\/01\\\/covid_persistent.jpg\",\"datePublished\":\"2023-01-31T15:44:25+00:00\",\"dateModified\":\"2023-06-22T09:13:37+00:00\",\"author\":{\"@id\":\"https:\\\/\\\/lluita.org\\\/#\\\/schema\\\/person\\\/8b246ecace866ab17ec116739984bc80\"},\"breadcrumb\":{\"@id\":\"https:\\\/\\\/lluita.org\\\/es\\\/situacio-actual-de-la-covid-19-persistent-a-catalunya-on-ens-trobem-2\\\/#breadcrumb\"},\"inLanguage\":\"es\",\"potentialAction\":[{\"@type\":\"ReadAction\",\"target\":[\"https:\\\/\\\/lluita.org\\\/es\\\/situacio-actual-de-la-covid-19-persistent-a-catalunya-on-ens-trobem-2\\\/\"]}]},{\"@type\":\"ImageObject\",\"inLanguage\":\"es\",\"@id\":\"https:\\\/\\\/lluita.org\\\/es\\\/situacio-actual-de-la-covid-19-persistent-a-catalunya-on-ens-trobem-2\\\/#primaryimage\",\"url\":\"https:\\\/\\\/lluita.org\\\/custom\\\/uploads\\\/2023\\\/01\\\/covid_persistent.jpg\",\"contentUrl\":\"https:\\\/\\\/lluita.org\\\/custom\\\/uploads\\\/2023\\\/01\\\/covid_persistent.jpg\",\"width\":1200,\"height\":800,\"caption\":\"Situaci\u00f3 actual de la COVID-19 persistent a Catalunya. On ens trobem?\"},{\"@type\":\"BreadcrumbList\",\"@id\":\"https:\\\/\\\/lluita.org\\\/es\\\/situacio-actual-de-la-covid-19-persistent-a-catalunya-on-ens-trobem-2\\\/#breadcrumb\",\"itemListElement\":[{\"@type\":\"ListItem\",\"position\":1,\"name\":\"Inici\",\"item\":\"https:\\\/\\\/lluita.org\\\/es\\\/\"},{\"@type\":\"ListItem\",\"position\":2,\"name\":\"Situaci\u00f3n actual de la COVID-19 persistente en Catalu\u00f1a. \u00bfEn qu\u00e9 momento estamos?\"}]},{\"@type\":\"WebSite\",\"@id\":\"https:\\\/\\\/lluita.org\\\/#website\",\"url\":\"https:\\\/\\\/lluita.org\\\/\",\"name\":\"Fundaci\u00f3 Lluita contra les Infeccions\",\"description\":\"\",\"potentialAction\":[{\"@type\":\"SearchAction\",\"target\":{\"@type\":\"EntryPoint\",\"urlTemplate\":\"https:\\\/\\\/lluita.org\\\/?s={search_term_string}\"},\"query-input\":{\"@type\":\"PropertyValueSpecification\",\"valueRequired\":true,\"valueName\":\"search_term_string\"}}],\"inLanguage\":\"es\"},{\"@type\":\"Person\",\"@id\":\"https:\\\/\\\/lluita.org\\\/#\\\/schema\\\/person\\\/8b246ecace866ab17ec116739984bc80\",\"name\":\"fundaciolluita\",\"image\":{\"@type\":\"ImageObject\",\"inLanguage\":\"es\",\"@id\":\"https:\\\/\\\/secure.gravatar.com\\\/avatar\\\/18a97ff0e5d67038bad233b79246a7f922424d224871d207487c88e471e664c2?s=96&d=mm&r=g\",\"url\":\"https:\\\/\\\/secure.gravatar.com\\\/avatar\\\/18a97ff0e5d67038bad233b79246a7f922424d224871d207487c88e471e664c2?s=96&d=mm&r=g\",\"contentUrl\":\"https:\\\/\\\/secure.gravatar.com\\\/avatar\\\/18a97ff0e5d67038bad233b79246a7f922424d224871d207487c88e471e664c2?s=96&d=mm&r=g\",\"caption\":\"fundaciolluita\"},\"sameAs\":[\"https:\\\/\\\/new.lluita.org\\\/private\\\/\"],\"url\":\"https:\\\/\\\/lluita.org\\\/es\\\/author\\\/fundaciolluita\\\/\"}]}<\/script>\n<!-- \/ Yoast SEO Premium plugin. -->","yoast_head_json":{"title":"Situaci\u00f3n actual de la COVID-19 persistente en Catalu\u00f1a. \u00bfEn qu\u00e9 momento estamos? - Fundaci\u00f3 Lluita contra les Infeccions","robots":{"index":"index","follow":"follow","max-snippet":"max-snippet:-1","max-image-preview":"max-image-preview:large","max-video-preview":"max-video-preview:-1"},"canonical":"https:\/\/lluita.org\/es\/situacio-actual-de-la-covid-19-persistent-a-catalunya-on-ens-trobem-2\/","og_locale":"es_ES","og_type":"article","og_title":"Situaci\u00f3n actual de la COVID-19 persistente en Catalu\u00f1a. \u00bfEn qu\u00e9 momento estamos?","og_description":"El informe describe la situaci\u00f3n actual de la COVID-19 persistente en Catalu\u00f1a. Carga estimada, recursos asistenciales, experiencias internacionales y \u00e1reas de incertidumbre.","og_url":"https:\/\/lluita.org\/es\/situacio-actual-de-la-covid-19-persistent-a-catalunya-on-ens-trobem-2\/","og_site_name":"Fundaci\u00f3 Lluita contra les Infeccions","article_published_time":"2023-01-31T15:44:25+00:00","article_modified_time":"2023-06-22T09:13:37+00:00","og_image":[{"width":1200,"height":800,"url":"https:\/\/hundreds-wordpress-uploads.s3.amazonaws.com\/lluita\/uploads\/2023\/01\/covid_persistent.jpg","type":"image\/jpeg"}],"author":"fundaciolluita","twitter_card":"summary_large_image","twitter_misc":{"Escrito por":"fundaciolluita","Tiempo de lectura":"2 minutos"},"schema":{"@context":"https:\/\/schema.org","@graph":[{"@type":"Article","@id":"https:\/\/lluita.org\/es\/situacio-actual-de-la-covid-19-persistent-a-catalunya-on-ens-trobem-2\/#article","isPartOf":{"@id":"https:\/\/lluita.org\/es\/situacio-actual-de-la-covid-19-persistent-a-catalunya-on-ens-trobem-2\/"},"author":{"name":"fundaciolluita","@id":"https:\/\/lluita.org\/#\/schema\/person\/8b246ecace866ab17ec116739984bc80"},"headline":"Situaci\u00f3n actual de la COVID-19 persistente en Catalu\u00f1a. \u00bfEn qu\u00e9 momento estamos?","datePublished":"2023-01-31T15:44:25+00:00","dateModified":"2023-06-22T09:13:37+00:00","mainEntityOfPage":{"@id":"https:\/\/lluita.org\/es\/situacio-actual-de-la-covid-19-persistent-a-catalunya-on-ens-trobem-2\/"},"wordCount":355,"image":{"@id":"https:\/\/lluita.org\/es\/situacio-actual-de-la-covid-19-persistent-a-catalunya-on-ens-trobem-2\/#primaryimage"},"thumbnailUrl":"https:\/\/lluita.org\/custom\/uploads\/2023\/01\/covid_persistent.jpg","keywords":["COVID persistente","long covid","COVID-19","Destacats Actualitat","Destacats Lateral","fundaci\u00f3n lucha","Fundaci\u00f3n Lucha contra las Infecciones","infecciones","investigaci\u00f3n"],"articleSection":["COVID-19"],"inLanguage":"es"},{"@type":"WebPage","@id":"https:\/\/lluita.org\/es\/situacio-actual-de-la-covid-19-persistent-a-catalunya-on-ens-trobem-2\/","url":"https:\/\/lluita.org\/es\/situacio-actual-de-la-covid-19-persistent-a-catalunya-on-ens-trobem-2\/","name":"Situaci\u00f3n actual de la COVID-19 persistente en Catalu\u00f1a. \u00bfEn qu\u00e9 momento estamos? - Fundaci\u00f3 Lluita contra les Infeccions","isPartOf":{"@id":"https:\/\/lluita.org\/#website"},"primaryImageOfPage":{"@id":"https:\/\/lluita.org\/es\/situacio-actual-de-la-covid-19-persistent-a-catalunya-on-ens-trobem-2\/#primaryimage"},"image":{"@id":"https:\/\/lluita.org\/es\/situacio-actual-de-la-covid-19-persistent-a-catalunya-on-ens-trobem-2\/#primaryimage"},"thumbnailUrl":"https:\/\/lluita.org\/custom\/uploads\/2023\/01\/covid_persistent.jpg","datePublished":"2023-01-31T15:44:25+00:00","dateModified":"2023-06-22T09:13:37+00:00","author":{"@id":"https:\/\/lluita.org\/#\/schema\/person\/8b246ecace866ab17ec116739984bc80"},"breadcrumb":{"@id":"https:\/\/lluita.org\/es\/situacio-actual-de-la-covid-19-persistent-a-catalunya-on-ens-trobem-2\/#breadcrumb"},"inLanguage":"es","potentialAction":[{"@type":"ReadAction","target":["https:\/\/lluita.org\/es\/situacio-actual-de-la-covid-19-persistent-a-catalunya-on-ens-trobem-2\/"]}]},{"@type":"ImageObject","inLanguage":"es","@id":"https:\/\/lluita.org\/es\/situacio-actual-de-la-covid-19-persistent-a-catalunya-on-ens-trobem-2\/#primaryimage","url":"https:\/\/lluita.org\/custom\/uploads\/2023\/01\/covid_persistent.jpg","contentUrl":"https:\/\/lluita.org\/custom\/uploads\/2023\/01\/covid_persistent.jpg","width":1200,"height":800,"caption":"Situaci\u00f3 actual de la COVID-19 persistent a Catalunya. On ens trobem?"},{"@type":"BreadcrumbList","@id":"https:\/\/lluita.org\/es\/situacio-actual-de-la-covid-19-persistent-a-catalunya-on-ens-trobem-2\/#breadcrumb","itemListElement":[{"@type":"ListItem","position":1,"name":"Inici","item":"https:\/\/lluita.org\/es\/"},{"@type":"ListItem","position":2,"name":"Situaci\u00f3n actual de la COVID-19 persistente en Catalu\u00f1a. \u00bfEn qu\u00e9 momento estamos?"}]},{"@type":"WebSite","@id":"https:\/\/lluita.org\/#website","url":"https:\/\/lluita.org\/","name":"Fundaci\u00f3 Lluita contra les Infeccions","description":"","potentialAction":[{"@type":"SearchAction","target":{"@type":"EntryPoint","urlTemplate":"https:\/\/lluita.org\/?s={search_term_string}"},"query-input":{"@type":"PropertyValueSpecification","valueRequired":true,"valueName":"search_term_string"}}],"inLanguage":"es"},{"@type":"Person","@id":"https:\/\/lluita.org\/#\/schema\/person\/8b246ecace866ab17ec116739984bc80","name":"fundaciolluita","image":{"@type":"ImageObject","inLanguage":"es","@id":"https:\/\/secure.gravatar.com\/avatar\/18a97ff0e5d67038bad233b79246a7f922424d224871d207487c88e471e664c2?s=96&d=mm&r=g","url":"https:\/\/secure.gravatar.com\/avatar\/18a97ff0e5d67038bad233b79246a7f922424d224871d207487c88e471e664c2?s=96&d=mm&r=g","contentUrl":"https:\/\/secure.gravatar.com\/avatar\/18a97ff0e5d67038bad233b79246a7f922424d224871d207487c88e471e664c2?s=96&d=mm&r=g","caption":"fundaciolluita"},"sameAs":["https:\/\/new.lluita.org\/private\/"],"url":"https:\/\/lluita.org\/es\/author\/fundaciolluita\/"}]}},"_links":{"self":[{"href":"https:\/\/lluita.org\/es\/wp-json\/wp\/v2\/posts\/19270","targetHints":{"allow":["GET"]}}],"collection":[{"href":"https:\/\/lluita.org\/es\/wp-json\/wp\/v2\/posts"}],"about":[{"href":"https:\/\/lluita.org\/es\/wp-json\/wp\/v2\/types\/post"}],"author":[{"embeddable":true,"href":"https:\/\/lluita.org\/es\/wp-json\/wp\/v2\/users\/1"}],"replies":[{"embeddable":true,"href":"https:\/\/lluita.org\/es\/wp-json\/wp\/v2\/comments?post=19270"}],"version-history":[{"count":1,"href":"https:\/\/lluita.org\/es\/wp-json\/wp\/v2\/posts\/19270\/revisions"}],"predecessor-version":[{"id":21601,"href":"https:\/\/lluita.org\/es\/wp-json\/wp\/v2\/posts\/19270\/revisions\/21601"}],"wp:featuredmedia":[{"embeddable":true,"href":"https:\/\/lluita.org\/es\/wp-json\/wp\/v2\/media\/20637"}],"wp:attachment":[{"href":"https:\/\/lluita.org\/es\/wp-json\/wp\/v2\/media?parent=19270"}],"wp:term":[{"taxonomy":"category","embeddable":true,"href":"https:\/\/lluita.org\/es\/wp-json\/wp\/v2\/categories?post=19270"}],"curies":[{"name":"wp","href":"https:\/\/api.w.org\/{rel}","templated":true}]}}