{"id":22375,"date":"2023-09-15T11:14:08","date_gmt":"2023-09-15T11:14:08","guid":{"rendered":"https:\/\/new.lluita.org\/?p=22375"},"modified":"2023-09-15T14:04:53","modified_gmt":"2023-09-15T14:04:53","slug":"se-identifican-factores-medicos-y-socioeconomicos-asociados-al-riesgo-de-sufrir-y-recuperarse-de-la-covid-persistente","status":"publish","type":"post","link":"https:\/\/lluita.org\/es\/se-identifican-factores-medicos-y-socioeconomicos-asociados-al-riesgo-de-sufrir-y-recuperarse-de-la-covid-persistente\/","title":{"rendered":"Se identifican factores m\u00e9dicos y socioecon\u00f3micos asociados al riesgo de sufrir y recuperarse de la covid persistente"},"content":{"rendered":"<p>Miles de personas en Espa\u00f1a sufren la \u201cCondici\u00f3n Post-COVID-19\u201d o covid persistente, una enfermedad invalidante que supone un gran problema para quien la padece, as\u00ed como un gran reto para el sistema de salud. Ahora, el seguimiento de 548 personas que han sufrido la COVID-19 ha permitido identificar factores m\u00e9dicos y socioecon\u00f3micos que se asocian al riesgo de desarrollar y recuperarse de la covid persistente, y ha observado que la recuperaci\u00f3n es minoritaria durante los primeros dos a\u00f1os de enfermedad. Los datos obtenidos remarcan la importancia de preparar los sistemas de salud para que tengan la capacidad de dar respuesta a todas las personas que sufren covid persistente.<\/p>\n<p>\u00c9sta es la principal conclusi\u00f3n de un estudio realizado por la Unidad de covid persistente del Hospital Germans Trias, la Fundaci\u00f3n Lucha contra las Infecciones y el Instituto de Investigaci\u00f3n del Sida IrsiCaixa. Estudios como este publicado en la revista The Lancet Regional Health \u2013 Europe, son clave para avanzar en el conocimiento de un s\u00edndrome a\u00fan poco conocido como el de covid persistente.<\/p>\n<p>Se estima que entre un 5 y un 10% de las personas que pasan la COVID-19 siguen con una amplia variedad de s\u00edntomas meses despu\u00e9s de la infecci\u00f3n. \u201cEs esencial definir y entender este s\u00edndrome y sus implicaciones para identificar estrategias de prevenci\u00f3n, diagn\u00f3stico y tratamiento que ayuden a las personas afectadas. Con este objetivo, y de manera pionera, decidimos realizar un seguimiento exhaustivo y prolongado de las y los pacientes\u201d, explica Lourdes Mateu, investigadora de la Fundaci\u00f3n Lucha contra las Infecciones y coordinadora de la Unidad de covid persistente del Hospital Germans Trias. Mateu remarca que: \u201cel gran n\u00famero y variedad de \u00f3rganos y sistemas afectados por la covid persistente, evidenciado por m\u00faltiples estudios internacionales, requiere que trabajemos de forma multidisciplinar y coordinada entre los hospitales y la atenci\u00f3n primaria. \u00c9sta es una enfermedad todav\u00eda poco comprendida, pero es real y causa un gran impacto en el conjunto de pacientes y la sociedad. Es necesario combinar una atenci\u00f3n cl\u00ednica emp\u00e1tica y de m\u00e1xima calidad humana, con una investigaci\u00f3n rigurosa que nos permita encontrar mejores herramientas diagn\u00f3sticas y tratamientos efectivos. Es imprescindible trabajar en red, escuchando y haciendo participar activamente a las personas afectadas.\u00bb<\/p>\n<p><strong>Las mujeres y las personas con comorbilidades, las m\u00e1s afectadas por la vida persistente<br \/>\n<\/strong><br \/>\nLa cohorte del estudio est\u00e1 formada por 548 personas que pasaron la COVID-19 hace m\u00e1s de 2 a\u00f1os, de las que 207 se recuperaron totalmente y 341 desarrollaron covid persistente. \u201cSe trata de uno de los estudios de seguimiento de la evoluci\u00f3n cl\u00ednica de personas con mayor covid persistente y prolongados llevados a cabo hasta ahora\u201d, remarca Marta Massanella, investigadora principal de IrsiCaixa.<\/p>\n<p>Gracias al an\u00e1lisis estad\u00edstico de estos dos grupos de personas, se ha podido identificar, por un lado, que los hombres con estudios superiores tienen menos probabilidades de desarrollar covid persistente. Por otra parte, se ha detectado que las mujeres, las personas con antecedentes de enfermedades autoinmunitarias, o bien las que presentan fatiga, taquicardia, ahogo o alteraciones neurocognitivas y neurosensitivas durante la COVID-19 aguda tienen mayor riesgo de desarrollarla y una menor probabilidad de curarse con el tiempo. En esta l\u00ednea, un estudio independiente realizado en Estados Unidos y publicado recientemente en la revista Nature Medicine ha observado, en una cohorte de m\u00e1s de seis millones de personas, que la covid persistente puede llegar a provocar un mayor nivel de discapacidad que las enfermedades card\u00edacas o el c\u00e1ncer.<\/p>\n<p>La realizaci\u00f3n de cuestionarios ha permitido agrupar a la cohorte de pacientes en 3 grupos en funci\u00f3n de los s\u00edntomas, resultados que concuerdan con un estudio precedente realizado tambi\u00e9n en Estados Unidos. Estos 3 grupos no son excluyentes entre s\u00ed sino que se diferencian por la acumulaci\u00f3n de los s\u00edntomas y se ordenan de la A a la C, siendo el A el grupo que menos s\u00edntomas tiene y el C el que m\u00e1s.<\/p>\n<p><strong>Una recuperaci\u00f3n inusual<br \/>\n<\/strong><br \/>\nEl estudio tambi\u00e9n subraya que, de todas las personas del estudio con covid persistente, s\u00f3lo un 7,6% se han recuperado durante los 2 primeros a\u00f1os de sufrir el s\u00edndrome. De las 26 personas que se han recuperado, la mayor\u00eda (24) pertenec\u00edan al grupo menos sintom\u00e1tico. Los factores que se han podido asociar a una mayor probabilidad de recuperarse son el sexo masculino, las personas que hab\u00edan requerido admisi\u00f3n en la UCI debido a la COVID-19 o que ten\u00edan comorbilidades cardiovasculares, la falta de hambre y las alteraciones del gusto y el olfato. El dolor muscular, la disminuci\u00f3n de la atenci\u00f3n, la disnea o la taquicardia son s\u00edntomas que se asocian a una menor probabilidad de recuperaci\u00f3n.<\/p>\n<p>\u201cLas bajas tasas de curaci\u00f3n de la covid persistente indican que mientras la transmisi\u00f3n del SARS-CoV-2 contin\u00fae se seguir\u00e1n acumulando los casos de covid persistente. Los sistemas de salud europeos, tambi\u00e9n el nuestro, deben encarar este problema y estar preparados para absorber y gestionar la demanda existente de una enfermedad que es muy real y que sigue en aumento\u201d, a\u00f1ade Roger Paredes, director cient\u00edfico de la Fundaci\u00f3n Lucha contra las Infecciones, jefe del Servicio de Enfermedades Infecciosas del Hospital Germans Trias e investigador principal de IrsiCaixa.<\/p>\n<p>En definitiva, un estudio como \u00e9ste, liderado por un equipo multidisciplinar de investigadores de la Fundaci\u00f3n Lucha contra las Infecciones formado por los doctores <strong>Lourdes Mateu<\/strong>, <strong>Cora Loste<\/strong>, <strong>Gemma Llad\u00f3s<\/strong>, <strong>Jos\u00e9 R. Santos<\/strong> y <strong>Cristina L\u00f3pez<\/strong>, as\u00ed como por investigadores del Instituto de Investigaci\u00f3n del Sida de IrsiCaixa, permiten entender mejor el s\u00edndrome y son claves para avanzar en la gesti\u00f3n de esta nueva enfermedad, contra la que queda patente la necesidad urgente de encontrar nuevos marcadores diagn\u00f3sticos y terapias que permitan mejorar la prevenci\u00f3n y curaci\u00f3n.<\/p>\n","protected":false},"excerpt":{"rendered":"<p>Miles de personas en Espa\u00f1a sufren la \u201cCondici\u00f3n Post-COVID-19\u201d o covid persistente, una enfermedad invalidante que supone un gran problema para quien la padece, as\u00ed como un gran reto para el sistema de salud. Ahora, el seguimiento de 548 personas que han sufrido la COVID-19 ha permitido identificar factores m\u00e9dicos y socioecon\u00f3micos que se asocian [&hellip;]<\/p>\n","protected":false},"author":3,"featured_media":22368,"comment_status":"closed","ping_status":"closed","sticky":false,"template":"","format":"standard","meta":{"_acf_changed":false,"footnotes":""},"categories":[18],"class_list":["post-22375","post","type-post","status-publish","format-standard","has-post-thumbnail","hentry","category-covid-19-es"],"acf":[],"yoast_head":"<!-- This site is optimized with the Yoast SEO Premium plugin v27.4 (Yoast SEO v27.5) - https:\/\/yoast.com\/product\/yoast-seo-premium-wordpress\/ -->\n<title>Se identifican factores m\u00e9dicos y socioecon\u00f3micos asociados al riesgo de sufrir y recuperarse de la covid persistente - Fundaci\u00f3 Lluita contra les Infeccions<\/title>\n<meta name=\"robots\" content=\"index, follow, max-snippet:-1, max-image-preview:large, max-video-preview:-1\" \/>\n<link rel=\"canonical\" href=\"https:\/\/lluita.org\/es\/se-identifican-factores-medicos-y-socioeconomicos-asociados-al-riesgo-de-sufrir-y-recuperarse-de-la-covid-persistente\/\" \/>\n<meta property=\"og:locale\" content=\"es_ES\" \/>\n<meta property=\"og:type\" content=\"article\" \/>\n<meta property=\"og:title\" content=\"Se identifican factores m\u00e9dicos y socioecon\u00f3micos asociados al riesgo de sufrir y recuperarse de la covid persistente\" \/>\n<meta property=\"og:description\" content=\"Miles de personas en Espa\u00f1a sufren la \u201cCondici\u00f3n Post-COVID-19\u201d o covid persistente, una enfermedad invalidante que supone un gran problema para quien la padece, as\u00ed como un gran reto para el sistema de salud. Ahora, el seguimiento de 548 personas que han sufrido la COVID-19 ha permitido identificar factores m\u00e9dicos y socioecon\u00f3micos que se asocian [&hellip;]\" \/>\n<meta property=\"og:url\" content=\"https:\/\/lluita.org\/es\/se-identifican-factores-medicos-y-socioeconomicos-asociados-al-riesgo-de-sufrir-y-recuperarse-de-la-covid-persistente\/\" \/>\n<meta property=\"og:site_name\" content=\"Fundaci\u00f3 Lluita contra les Infeccions\" \/>\n<meta property=\"article:published_time\" content=\"2023-09-15T11:14:08+00:00\" \/>\n<meta property=\"article:modified_time\" content=\"2023-09-15T14:04:53+00:00\" \/>\n<meta property=\"og:image\" content=\"https:\/\/hundreds-wordpress-uploads.s3.amazonaws.com\/lluita\/uploads\/2023\/09\/marta_i_lourdes.jpg\" \/>\n\t<meta property=\"og:image:width\" content=\"1400\" \/>\n\t<meta property=\"og:image:height\" content=\"840\" \/>\n\t<meta property=\"og:image:type\" content=\"image\/jpeg\" \/>\n<meta name=\"author\" content=\"Marta Rodriguez\" \/>\n<meta name=\"twitter:card\" content=\"summary_large_image\" \/>\n<meta name=\"twitter:label1\" content=\"Escrito por\" \/>\n\t<meta name=\"twitter:data1\" content=\"Marta Rodriguez\" \/>\n\t<meta name=\"twitter:label2\" content=\"Tiempo de lectura\" \/>\n\t<meta name=\"twitter:data2\" content=\"6 minutos\" \/>\n<script type=\"application\/ld+json\" class=\"yoast-schema-graph\">{\"@context\":\"https:\\\/\\\/schema.org\",\"@graph\":[{\"@type\":\"Article\",\"@id\":\"https:\\\/\\\/lluita.org\\\/es\\\/se-identifican-factores-medicos-y-socioeconomicos-asociados-al-riesgo-de-sufrir-y-recuperarse-de-la-covid-persistente\\\/#article\",\"isPartOf\":{\"@id\":\"https:\\\/\\\/lluita.org\\\/es\\\/se-identifican-factores-medicos-y-socioeconomicos-asociados-al-riesgo-de-sufrir-y-recuperarse-de-la-covid-persistente\\\/\"},\"author\":{\"name\":\"Marta Rodriguez\",\"@id\":\"https:\\\/\\\/lluita.org\\\/#\\\/schema\\\/person\\\/33335fd0597aa3cc324e8b520d25eced\"},\"headline\":\"Se identifican factores m\u00e9dicos y socioecon\u00f3micos asociados al riesgo de sufrir y recuperarse de la covid persistente\",\"datePublished\":\"2023-09-15T11:14:08+00:00\",\"dateModified\":\"2023-09-15T14:04:53+00:00\",\"mainEntityOfPage\":{\"@id\":\"https:\\\/\\\/lluita.org\\\/es\\\/se-identifican-factores-medicos-y-socioeconomicos-asociados-al-riesgo-de-sufrir-y-recuperarse-de-la-covid-persistente\\\/\"},\"wordCount\":1020,\"image\":{\"@id\":\"https:\\\/\\\/lluita.org\\\/es\\\/se-identifican-factores-medicos-y-socioeconomicos-asociados-al-riesgo-de-sufrir-y-recuperarse-de-la-covid-persistente\\\/#primaryimage\"},\"thumbnailUrl\":\"https:\\\/\\\/lluita.org\\\/custom\\\/uploads\\\/2023\\\/09\\\/marta_i_lourdes.jpg\",\"articleSection\":[\"COVID-19\"],\"inLanguage\":\"es\"},{\"@type\":\"WebPage\",\"@id\":\"https:\\\/\\\/lluita.org\\\/es\\\/se-identifican-factores-medicos-y-socioeconomicos-asociados-al-riesgo-de-sufrir-y-recuperarse-de-la-covid-persistente\\\/\",\"url\":\"https:\\\/\\\/lluita.org\\\/es\\\/se-identifican-factores-medicos-y-socioeconomicos-asociados-al-riesgo-de-sufrir-y-recuperarse-de-la-covid-persistente\\\/\",\"name\":\"Se identifican factores m\u00e9dicos y socioecon\u00f3micos asociados al riesgo de sufrir y recuperarse de la covid persistente - Fundaci\u00f3 Lluita contra les Infeccions\",\"isPartOf\":{\"@id\":\"https:\\\/\\\/lluita.org\\\/#website\"},\"primaryImageOfPage\":{\"@id\":\"https:\\\/\\\/lluita.org\\\/es\\\/se-identifican-factores-medicos-y-socioeconomicos-asociados-al-riesgo-de-sufrir-y-recuperarse-de-la-covid-persistente\\\/#primaryimage\"},\"image\":{\"@id\":\"https:\\\/\\\/lluita.org\\\/es\\\/se-identifican-factores-medicos-y-socioeconomicos-asociados-al-riesgo-de-sufrir-y-recuperarse-de-la-covid-persistente\\\/#primaryimage\"},\"thumbnailUrl\":\"https:\\\/\\\/lluita.org\\\/custom\\\/uploads\\\/2023\\\/09\\\/marta_i_lourdes.jpg\",\"datePublished\":\"2023-09-15T11:14:08+00:00\",\"dateModified\":\"2023-09-15T14:04:53+00:00\",\"author\":{\"@id\":\"https:\\\/\\\/lluita.org\\\/#\\\/schema\\\/person\\\/33335fd0597aa3cc324e8b520d25eced\"},\"breadcrumb\":{\"@id\":\"https:\\\/\\\/lluita.org\\\/es\\\/se-identifican-factores-medicos-y-socioeconomicos-asociados-al-riesgo-de-sufrir-y-recuperarse-de-la-covid-persistente\\\/#breadcrumb\"},\"inLanguage\":\"es\",\"potentialAction\":[{\"@type\":\"ReadAction\",\"target\":[\"https:\\\/\\\/lluita.org\\\/es\\\/se-identifican-factores-medicos-y-socioeconomicos-asociados-al-riesgo-de-sufrir-y-recuperarse-de-la-covid-persistente\\\/\"]}]},{\"@type\":\"ImageObject\",\"inLanguage\":\"es\",\"@id\":\"https:\\\/\\\/lluita.org\\\/es\\\/se-identifican-factores-medicos-y-socioeconomicos-asociados-al-riesgo-de-sufrir-y-recuperarse-de-la-covid-persistente\\\/#primaryimage\",\"url\":\"https:\\\/\\\/lluita.org\\\/custom\\\/uploads\\\/2023\\\/09\\\/marta_i_lourdes.jpg\",\"contentUrl\":\"https:\\\/\\\/lluita.org\\\/custom\\\/uploads\\\/2023\\\/09\\\/marta_i_lourdes.jpg\",\"width\":1400,\"height\":840},{\"@type\":\"BreadcrumbList\",\"@id\":\"https:\\\/\\\/lluita.org\\\/es\\\/se-identifican-factores-medicos-y-socioeconomicos-asociados-al-riesgo-de-sufrir-y-recuperarse-de-la-covid-persistente\\\/#breadcrumb\",\"itemListElement\":[{\"@type\":\"ListItem\",\"position\":1,\"name\":\"Inici\",\"item\":\"https:\\\/\\\/lluita.org\\\/es\\\/\"},{\"@type\":\"ListItem\",\"position\":2,\"name\":\"Se identifican factores m\u00e9dicos y socioecon\u00f3micos asociados al riesgo de sufrir y recuperarse de la covid persistente\"}]},{\"@type\":\"WebSite\",\"@id\":\"https:\\\/\\\/lluita.org\\\/#website\",\"url\":\"https:\\\/\\\/lluita.org\\\/\",\"name\":\"Fundaci\u00f3 Lluita contra les Infeccions\",\"description\":\"\",\"potentialAction\":[{\"@type\":\"SearchAction\",\"target\":{\"@type\":\"EntryPoint\",\"urlTemplate\":\"https:\\\/\\\/lluita.org\\\/?s={search_term_string}\"},\"query-input\":{\"@type\":\"PropertyValueSpecification\",\"valueRequired\":true,\"valueName\":\"search_term_string\"}}],\"inLanguage\":\"es\"},{\"@type\":\"Person\",\"@id\":\"https:\\\/\\\/lluita.org\\\/#\\\/schema\\\/person\\\/33335fd0597aa3cc324e8b520d25eced\",\"name\":\"Marta Rodriguez\",\"image\":{\"@type\":\"ImageObject\",\"inLanguage\":\"es\",\"@id\":\"https:\\\/\\\/secure.gravatar.com\\\/avatar\\\/a6b119cbae43b329ad19d1889130bcf7e6567ba0ec896ae9cb1848863b6dabdd?s=96&d=mm&r=g\",\"url\":\"https:\\\/\\\/secure.gravatar.com\\\/avatar\\\/a6b119cbae43b329ad19d1889130bcf7e6567ba0ec896ae9cb1848863b6dabdd?s=96&d=mm&r=g\",\"contentUrl\":\"https:\\\/\\\/secure.gravatar.com\\\/avatar\\\/a6b119cbae43b329ad19d1889130bcf7e6567ba0ec896ae9cb1848863b6dabdd?s=96&d=mm&r=g\",\"caption\":\"Marta Rodriguez\"},\"url\":\"https:\\\/\\\/lluita.org\\\/es\\\/author\\\/mrodriguez\\\/\"}]}<\/script>\n<!-- \/ Yoast SEO Premium plugin. -->","yoast_head_json":{"title":"Se identifican factores m\u00e9dicos y socioecon\u00f3micos asociados al riesgo de sufrir y recuperarse de la covid persistente - Fundaci\u00f3 Lluita contra les Infeccions","robots":{"index":"index","follow":"follow","max-snippet":"max-snippet:-1","max-image-preview":"max-image-preview:large","max-video-preview":"max-video-preview:-1"},"canonical":"https:\/\/lluita.org\/es\/se-identifican-factores-medicos-y-socioeconomicos-asociados-al-riesgo-de-sufrir-y-recuperarse-de-la-covid-persistente\/","og_locale":"es_ES","og_type":"article","og_title":"Se identifican factores m\u00e9dicos y socioecon\u00f3micos asociados al riesgo de sufrir y recuperarse de la covid persistente","og_description":"Miles de personas en Espa\u00f1a sufren la \u201cCondici\u00f3n Post-COVID-19\u201d o covid persistente, una enfermedad invalidante que supone un gran problema para quien la padece, as\u00ed como un gran reto para el sistema de salud. Ahora, el seguimiento de 548 personas que han sufrido la COVID-19 ha permitido identificar factores m\u00e9dicos y socioecon\u00f3micos que se asocian [&hellip;]","og_url":"https:\/\/lluita.org\/es\/se-identifican-factores-medicos-y-socioeconomicos-asociados-al-riesgo-de-sufrir-y-recuperarse-de-la-covid-persistente\/","og_site_name":"Fundaci\u00f3 Lluita contra les Infeccions","article_published_time":"2023-09-15T11:14:08+00:00","article_modified_time":"2023-09-15T14:04:53+00:00","og_image":[{"width":1400,"height":840,"url":"https:\/\/hundreds-wordpress-uploads.s3.amazonaws.com\/lluita\/uploads\/2023\/09\/marta_i_lourdes.jpg","type":"image\/jpeg"}],"author":"Marta Rodriguez","twitter_card":"summary_large_image","twitter_misc":{"Escrito por":"Marta Rodriguez","Tiempo de lectura":"6 minutos"},"schema":{"@context":"https:\/\/schema.org","@graph":[{"@type":"Article","@id":"https:\/\/lluita.org\/es\/se-identifican-factores-medicos-y-socioeconomicos-asociados-al-riesgo-de-sufrir-y-recuperarse-de-la-covid-persistente\/#article","isPartOf":{"@id":"https:\/\/lluita.org\/es\/se-identifican-factores-medicos-y-socioeconomicos-asociados-al-riesgo-de-sufrir-y-recuperarse-de-la-covid-persistente\/"},"author":{"name":"Marta Rodriguez","@id":"https:\/\/lluita.org\/#\/schema\/person\/33335fd0597aa3cc324e8b520d25eced"},"headline":"Se identifican factores m\u00e9dicos y socioecon\u00f3micos asociados al riesgo de sufrir y recuperarse de la covid persistente","datePublished":"2023-09-15T11:14:08+00:00","dateModified":"2023-09-15T14:04:53+00:00","mainEntityOfPage":{"@id":"https:\/\/lluita.org\/es\/se-identifican-factores-medicos-y-socioeconomicos-asociados-al-riesgo-de-sufrir-y-recuperarse-de-la-covid-persistente\/"},"wordCount":1020,"image":{"@id":"https:\/\/lluita.org\/es\/se-identifican-factores-medicos-y-socioeconomicos-asociados-al-riesgo-de-sufrir-y-recuperarse-de-la-covid-persistente\/#primaryimage"},"thumbnailUrl":"https:\/\/lluita.org\/custom\/uploads\/2023\/09\/marta_i_lourdes.jpg","articleSection":["COVID-19"],"inLanguage":"es"},{"@type":"WebPage","@id":"https:\/\/lluita.org\/es\/se-identifican-factores-medicos-y-socioeconomicos-asociados-al-riesgo-de-sufrir-y-recuperarse-de-la-covid-persistente\/","url":"https:\/\/lluita.org\/es\/se-identifican-factores-medicos-y-socioeconomicos-asociados-al-riesgo-de-sufrir-y-recuperarse-de-la-covid-persistente\/","name":"Se identifican factores m\u00e9dicos y socioecon\u00f3micos asociados al riesgo de sufrir y recuperarse de la covid persistente - Fundaci\u00f3 Lluita contra les Infeccions","isPartOf":{"@id":"https:\/\/lluita.org\/#website"},"primaryImageOfPage":{"@id":"https:\/\/lluita.org\/es\/se-identifican-factores-medicos-y-socioeconomicos-asociados-al-riesgo-de-sufrir-y-recuperarse-de-la-covid-persistente\/#primaryimage"},"image":{"@id":"https:\/\/lluita.org\/es\/se-identifican-factores-medicos-y-socioeconomicos-asociados-al-riesgo-de-sufrir-y-recuperarse-de-la-covid-persistente\/#primaryimage"},"thumbnailUrl":"https:\/\/lluita.org\/custom\/uploads\/2023\/09\/marta_i_lourdes.jpg","datePublished":"2023-09-15T11:14:08+00:00","dateModified":"2023-09-15T14:04:53+00:00","author":{"@id":"https:\/\/lluita.org\/#\/schema\/person\/33335fd0597aa3cc324e8b520d25eced"},"breadcrumb":{"@id":"https:\/\/lluita.org\/es\/se-identifican-factores-medicos-y-socioeconomicos-asociados-al-riesgo-de-sufrir-y-recuperarse-de-la-covid-persistente\/#breadcrumb"},"inLanguage":"es","potentialAction":[{"@type":"ReadAction","target":["https:\/\/lluita.org\/es\/se-identifican-factores-medicos-y-socioeconomicos-asociados-al-riesgo-de-sufrir-y-recuperarse-de-la-covid-persistente\/"]}]},{"@type":"ImageObject","inLanguage":"es","@id":"https:\/\/lluita.org\/es\/se-identifican-factores-medicos-y-socioeconomicos-asociados-al-riesgo-de-sufrir-y-recuperarse-de-la-covid-persistente\/#primaryimage","url":"https:\/\/lluita.org\/custom\/uploads\/2023\/09\/marta_i_lourdes.jpg","contentUrl":"https:\/\/lluita.org\/custom\/uploads\/2023\/09\/marta_i_lourdes.jpg","width":1400,"height":840},{"@type":"BreadcrumbList","@id":"https:\/\/lluita.org\/es\/se-identifican-factores-medicos-y-socioeconomicos-asociados-al-riesgo-de-sufrir-y-recuperarse-de-la-covid-persistente\/#breadcrumb","itemListElement":[{"@type":"ListItem","position":1,"name":"Inici","item":"https:\/\/lluita.org\/es\/"},{"@type":"ListItem","position":2,"name":"Se identifican factores m\u00e9dicos y socioecon\u00f3micos asociados al riesgo de sufrir y recuperarse de la covid persistente"}]},{"@type":"WebSite","@id":"https:\/\/lluita.org\/#website","url":"https:\/\/lluita.org\/","name":"Fundaci\u00f3 Lluita contra les Infeccions","description":"","potentialAction":[{"@type":"SearchAction","target":{"@type":"EntryPoint","urlTemplate":"https:\/\/lluita.org\/?s={search_term_string}"},"query-input":{"@type":"PropertyValueSpecification","valueRequired":true,"valueName":"search_term_string"}}],"inLanguage":"es"},{"@type":"Person","@id":"https:\/\/lluita.org\/#\/schema\/person\/33335fd0597aa3cc324e8b520d25eced","name":"Marta Rodriguez","image":{"@type":"ImageObject","inLanguage":"es","@id":"https:\/\/secure.gravatar.com\/avatar\/a6b119cbae43b329ad19d1889130bcf7e6567ba0ec896ae9cb1848863b6dabdd?s=96&d=mm&r=g","url":"https:\/\/secure.gravatar.com\/avatar\/a6b119cbae43b329ad19d1889130bcf7e6567ba0ec896ae9cb1848863b6dabdd?s=96&d=mm&r=g","contentUrl":"https:\/\/secure.gravatar.com\/avatar\/a6b119cbae43b329ad19d1889130bcf7e6567ba0ec896ae9cb1848863b6dabdd?s=96&d=mm&r=g","caption":"Marta Rodriguez"},"url":"https:\/\/lluita.org\/es\/author\/mrodriguez\/"}]}},"_links":{"self":[{"href":"https:\/\/lluita.org\/es\/wp-json\/wp\/v2\/posts\/22375","targetHints":{"allow":["GET"]}}],"collection":[{"href":"https:\/\/lluita.org\/es\/wp-json\/wp\/v2\/posts"}],"about":[{"href":"https:\/\/lluita.org\/es\/wp-json\/wp\/v2\/types\/post"}],"author":[{"embeddable":true,"href":"https:\/\/lluita.org\/es\/wp-json\/wp\/v2\/users\/3"}],"replies":[{"embeddable":true,"href":"https:\/\/lluita.org\/es\/wp-json\/wp\/v2\/comments?post=22375"}],"version-history":[{"count":1,"href":"https:\/\/lluita.org\/es\/wp-json\/wp\/v2\/posts\/22375\/revisions"}],"predecessor-version":[{"id":22376,"href":"https:\/\/lluita.org\/es\/wp-json\/wp\/v2\/posts\/22375\/revisions\/22376"}],"wp:featuredmedia":[{"embeddable":true,"href":"https:\/\/lluita.org\/es\/wp-json\/wp\/v2\/media\/22368"}],"wp:attachment":[{"href":"https:\/\/lluita.org\/es\/wp-json\/wp\/v2\/media?parent=22375"}],"wp:term":[{"taxonomy":"category","embeddable":true,"href":"https:\/\/lluita.org\/es\/wp-json\/wp\/v2\/categories?post=22375"}],"curies":[{"name":"wp","href":"https:\/\/api.w.org\/{rel}","templated":true}]}}