{"id":23254,"date":"2024-03-19T11:23:30","date_gmt":"2024-03-19T11:23:30","guid":{"rendered":"https:\/\/lluita.org\/en-el-cas-de-les-immunodeficiencies-primaries-es-molt-important-sospitar-per-fer-un-diagnostic-a-temps\/"},"modified":"2024-03-19T11:56:19","modified_gmt":"2024-03-19T11:56:19","slug":"en-el-cas-de-les-immunodeficiencies-primaries-es-molt-important-sospitar-per-fer-un-diagnostic-a-temps","status":"publish","type":"post","link":"https:\/\/lluita.org\/es\/en-el-cas-de-les-immunodeficiencies-primaries-es-molt-important-sospitar-per-fer-un-diagnostic-a-temps\/","title":{"rendered":"En el caso de las inmunodeficiencias primarias es muy importante \u00absospechar\u00bb para realizar un diagn\u00f3stico a tiempo"},"content":{"rendered":"<p><strong><span class=\"HwtZe\" lang=\"es\"><span class=\"jCAhz ChMk0b\"><span class=\"ryNqvb\">En la Fundaci\u00f3n Lucha contra las Infecciones disponemos de una unidad especializada en pacientes inmunocomprometidos que son aquellos que tienen un sistema inmunitario m\u00e1s d\u00e9bil y que, por tanto, pueden adquirir una infecci\u00f3n con mayor facilidad.<\/span><\/span> <span class=\"jCAhz ChMk0b\"><span class=\"ryNqvb\">Desde esta unidad se ofrece un diagn\u00f3stico espec\u00edfico, informaci\u00f3n para prevenir futuros procesos infecciosos y tratamientos enfocados a tratar cada inmunodeficiencia<\/span><\/span><\/span>. <\/strong><\/p>\n<p><span class=\"HwtZe\" lang=\"es\"><span class=\"jCAhz ChMk0b\"><span class=\"ryNqvb\">La <strong>Dra.<\/strong><\/span><\/span> <span class=\"jCAhz ChMk0b\"><span class=\"ryNqvb\"><strong>Carme Bracke<\/strong>, investigadora del <a href=\"https:\/\/lluita.org\/es\/infeccions\/infecciones-en-pacientes-inmunodeprimidos\/?swcfpc=1\">\u00e1rea de investigaci\u00f3n de infecciones en pacientes inmunocomprometidos de la Fundaci\u00f3n Lucha contra las Infecciones<\/a> y m\u00e9dica del <a href=\"https:\/\/hospitalgermanstrias.cat\/web\/guest\/inicio\">Hospital Germans Trias<\/a>, nos explica por qu\u00e9 desde esta unidad se han propuesto llevar a cabo una formaci\u00f3n<\/span><\/span> <span class=\"jCAhz ChMk0b\"><span class=\"ryNqvb\">espec\u00edfica sobre inmunodeficiencias.<\/span><\/span><\/span><\/p>\n<p><strong><span class=\"HwtZe\" lang=\"es\"><span class=\"jCAhz ChMk0b\"><span class=\"ryNqvb\">\u00bfQu\u00e9 son las inmunodeficiencias primarias?<\/span><\/span><\/span><\/strong><\/p>\n<p><span class=\"HwtZe\" lang=\"es\"><span class=\"jCAhz ChMk0b\"><span class=\"ryNqvb\">De hecho, ahora, a las inmunodeficiencias primarias se les ha cambiado el nombre y se llaman errores cong\u00e9nitos de la inmunidad, porque existe una alteraci\u00f3n gen\u00e9tica que se traduce en un error en el sistema inmunitario.<\/span><\/span> <span class=\"jCAhz ChMk0b\"><span class=\"ryNqvb\">Estas enfermedades son consideradas minoritarias<\/span><\/span><\/span>.<\/p>\n<p><strong><span class=\"HwtZe\" lang=\"es\"><span class=\"jCAhz ChMk0b\"><span class=\"ryNqvb\">\u00bfNos podr\u00edas comentar las diferencias entre las inmunodeficiencias primarias y las secundarias?<\/span><\/span><\/span><\/strong><\/p>\n<p><span class=\"HwtZe\" lang=\"es\"><span class=\"jCAhz ChMk0b\"><span class=\"ryNqvb\">La diferencia entre inmunodeficiencias primarias y secundarias es que en el caso de los errores cong\u00e9nitos de la inmunidad, la afectaci\u00f3n es gen\u00e9tica y, por tanto, se nace con ella, aunque la enfermedad se puede presentar en la edad adulta.<\/span><\/span> <span class=\"jCAhz ChMk0b\"><span class=\"ryNqvb\">En cambio, en el caso de las inmunodeficiencias secundarias, este error de la inmunidad es causado o bien por un tratamiento determinado, como podr\u00eda ser el caso de una quimioterapia, que debilita o disminuye las defensas de la persona, o por alguna enfermedad que la<\/span><\/span> <span class=\"jCAhz ChMk0b\"><span class=\"ryNqvb\">persona pueda contraer en alg\u00fan momento de su vida, como por ejemplo el VIH<\/span><\/span><\/span>.<\/p>\n<p><strong><span class=\"HwtZe\" lang=\"es\"><span class=\"jCAhz ChMk0b\"><span class=\"ryNqvb\">\u00bfCu\u00e1ndo deber\u00eda sospecharse que se puede estar sufriendo una inmunodeficiencia primaria?<\/span><\/span><\/span><\/strong><\/p>\n<p><span class=\"HwtZe\" lang=\"es\"><span class=\"jCAhz ChMk0b\"><span class=\"ryNqvb\">La afectaci\u00f3n de la inmunidad de una persona tiene varias caras y, en ocasiones, no es f\u00e1cil detectar que se puede estar sufriendo una inmunodeficiencia.<\/span><\/span> <span class=\"jCAhz ChMk0b\"><span class=\"ryNqvb\">Los errores cong\u00e9nitos de la inmunidad se manifiestan cl\u00ednicamente cuando existe un desequilibrio en el propio sistema inmunitario, ya sea con una falta de respuesta a agresiones externas (infecciones);<\/span><\/span> <span class=\"jCAhz ChMk0b\"><span class=\"ryNqvb\">una respuesta exagerada a sustancias externas (alergia, hipersensibilidad), una falta de respuesta a c\u00e9lulas malignas (neoplasias) o una respuesta exagerada a tejidos del propio organismo (autoinmunidad)<\/span><\/span><\/span>.<\/p>\n<div class=\"lRu31\" dir=\"ltr\"><span class=\"HwtZe\" lang=\"es\"><span class=\"jCAhz ChMk0b\"><span class=\"ryNqvb\">Por tanto, los errores cong\u00e9nitos de la inmunidad deber\u00edan sospecharse cuando se tienen infecciones de repetici\u00f3n o infecciones m\u00e1s graves que incluso requieren un ingreso en la UCI, cuando hay ciertos tipos de enfermedades autoinmunes que se relacionan (anemia hemol\u00edtica<\/span><\/span> <span class=\"jCAhz ChMk0b\"><span class=\"ryNqvb\">autoinmune, enfermedad inflamatoria intestinal), con ciertos tipos de neoplasias o cuando existe una tendencia a fen\u00f3menos de alergia o hipersensibilidad.<\/span><\/span> <span class=\"jCAhz ChMk0b\"><span class=\"ryNqvb\">Obviamente, quiz\u00e1s con un solo factor no nos baste para sospecharlo, pero la suma de diferentes factores deber\u00eda obligarnos a pensar en ello y solicitar las exploraciones pertinentes para descartarlo.<\/span><\/span><\/span><\/div>\n<p><strong><span class=\"HwtZe\" lang=\"es\"><span class=\"jCAhz ChMk0b\"><span class=\"ryNqvb\">\u00bfCu\u00e1les son los pasos que deber\u00edan seguirse para obtener un diagn\u00f3stico y tratamiento adecuado?<\/span><\/span><\/span><\/strong><\/p>\n<p><span class=\"HwtZe\" lang=\"es\"><span class=\"jCAhz ChMk0b\"><span class=\"ryNqvb\">El diagn\u00f3stico en una inmunodeficiencia primaria a veces puede tardar muchos a\u00f1os, \u00a1tenemos casos de personas que lo han recibido despu\u00e9s de 40 a\u00f1os!<\/span><\/span> <span class=\"jCAhz ChMk0b\"><span class=\"ryNqvb\">Por tanto, pensamos que es muy importante el rol que juegan los m\u00e9dicos de atenci\u00f3n primaria porque en casos de infecciones leves recurrentes son los \u00fanicos especialistas que valoran a estos pacientes.<\/span><\/span> <span class=\"jCAhz ChMk0b\"><span class=\"ryNqvb\">En estas ocasiones se deber\u00eda solicitar un cribado para conocer si podr\u00eda haber detr\u00e1s de alg\u00fan error cong\u00e9nito de la inmunidad.<\/span><\/span> <span class=\"jCAhz ChMk0b\"><span class=\"ryNqvb\">Los m\u00e9dicos de urgencias o de la UCI tambi\u00e9n pueden detectar si un paciente con alguna infecci\u00f3n grave podr\u00eda ser fruto de un sistema inmunitario d\u00e9bil y, de la misma forma, neum\u00f3logos cuando ven pacientes con secuelas respiratorias (bronquiectasias) y los m\u00e9dicos que<\/span><\/span> <span class=\"jCAhz ChMk0b\"><span class=\"ryNqvb\">se dedican a tratar enfermedades autoinmunes (reumat\u00f3logos, hemat\u00f3logos, digest\u00f3logos) tambi\u00e9n deber\u00edan ser capaces de sospechar activamente y pedir las pruebas diagn\u00f3sticas correspondientes<\/span><\/span><\/span>.<\/p>\n<p><strong><span class=\"HwtZe\" lang=\"es\"><span class=\"jCAhz ChMk0b\"><span class=\"ryNqvb\">\u00bfQu\u00e9 tratamientos son los m\u00e1s comunes en estos casos?<\/span><\/span><\/span><\/strong><\/p>\n<p><span class=\"HwtZe\" lang=\"es\"><span class=\"jCAhz ChMk0b\"><span class=\"ryNqvb\">En los adultos, el error cong\u00e9nito de la inmunidad m\u00e1s prevalente es el que afecta a la s\u00edntesis de anticuerpos que se traduce en la falta de inmunoglobulinas.<\/span><\/span> <span class=\"jCAhz ChMk0b\"><span class=\"ryNqvb\">Por tanto, en estos pacientes se inicia un tratamiento sustitutivo con inmunoglobulinas que comporta que una vez al mes o, a la semana, el paciente debe asumir este tratamiento, sea de forma intravenosa o subcut\u00e1nea.<\/span><\/span> <span class=\"jCAhz ChMk0b\"><span class=\"ryNqvb\">Tambi\u00e9n es importante empoderar al paciente, de modo que pueda reconocer precozmente cuando est\u00e1 presentando una infecci\u00f3n aguda, as\u00ed como darles una buena accesibilidad m\u00e9dica y valorar si necesitan antibioterapia, ya que si se act\u00faa de forma r\u00e1pida se pueden evitar complicaciones de las<\/span><\/span> <span class=\"jCAhz ChMk0b\"><span class=\"ryNqvb\">infecciones e ingresos hospitalarios<\/span><\/span><\/span>.<\/p>\n<p><strong><span class=\"HwtZe\" lang=\"es\"><span class=\"jCAhz ChMk0b\"><span class=\"ryNqvb\">\u00bfQu\u00e9 objetivo tiene la formaci\u00f3n que propone \u00abInmunodeficiencias primarias\/erratas cong\u00e9nitas de la inmunidad: \u00a1que no se te escapen!\u00bb<\/span><\/span> <span class=\"jCAhz ChMk0b\"><span class=\"ryNqvb\">que tiene lugar este mes de marzo en el Hospital Germans Trias?<\/span><\/span><\/span><\/strong><\/p>\n<p><span class=\"HwtZe\" lang=\"es\"><span class=\"jCAhz ChMk0b\"><span class=\"ryNqvb\">Lo que buscamos es ofrecer el m\u00e1ximo de informaci\u00f3n a los profesionales sanitarios para que puedan sospechar cuando se encuentren frente a una persona que puede \u00abesconder\u00bb una inmunodeficiencia;<\/span><\/span> <span class=\"jCAhz ChMk0b\"><span class=\"ryNqvb\">quiero decir, que puedan sospechar cuando se encuentren ante una persona que haya tenido muchas infecciones, una atopia grave, una enfermedad autoinmune, etc., porque, en definitiva, disponer de un diagn\u00f3stico precoz ayuda a disminuir los ingresos hospitalarios y,<\/span><\/span> <span class=\"jCAhz ChMk0b\"><span class=\"ryNqvb\">lo m\u00e1s importante, mejora la calidad de vida del paciente<\/span><\/span><\/span>.<\/p>\n","protected":false},"excerpt":{"rendered":"<p>En la Fundaci\u00f3n Lucha contra las Infecciones disponemos de una unidad especializada en pacientes inmunocomprometidos que son aquellos que tienen un sistema inmunitario m\u00e1s d\u00e9bil y que, por tanto, pueden adquirir una infecci\u00f3n con mayor facilidad. Desde esta unidad se ofrece un diagn\u00f3stico espec\u00edfico, informaci\u00f3n para prevenir futuros procesos infecciosos y tratamientos enfocados a tratar [&hellip;]<\/p>\n","protected":false},"author":3,"featured_media":23252,"comment_status":"closed","ping_status":"closed","sticky":false,"template":"","format":"standard","meta":{"_acf_changed":false,"footnotes":""},"categories":[269],"class_list":["post-23254","post","type-post","status-publish","format-standard","has-post-thumbnail","hentry","category-infecciones-en-pacientes-inmunodeprimidos"],"acf":[],"yoast_head":"<!-- This site is optimized with the Yoast SEO Premium plugin v27.4 (Yoast SEO v27.5) - https:\/\/yoast.com\/product\/yoast-seo-premium-wordpress\/ -->\n<title>En el caso de las inmunodeficiencias primarias es muy importante \u00absospechar\u00bb para realizar un diagn\u00f3stico a tiempo - Fundaci\u00f3 Lluita contra les Infeccions<\/title>\n<meta name=\"robots\" content=\"index, follow, max-snippet:-1, max-image-preview:large, max-video-preview:-1\" \/>\n<link rel=\"canonical\" href=\"https:\/\/lluita.org\/es\/en-el-cas-de-les-immunodeficiencies-primaries-es-molt-important-sospitar-per-fer-un-diagnostic-a-temps\/\" \/>\n<meta property=\"og:locale\" content=\"es_ES\" \/>\n<meta property=\"og:type\" content=\"article\" \/>\n<meta property=\"og:title\" content=\"En el caso de las inmunodeficiencias primarias es muy importante \u00absospechar\u00bb para realizar un diagn\u00f3stico a tiempo\" \/>\n<meta property=\"og:description\" content=\"En la Fundaci\u00f3n Lucha contra las Infecciones disponemos de una unidad especializada en pacientes inmunocomprometidos que son aquellos que tienen un sistema inmunitario m\u00e1s d\u00e9bil y que, por tanto, pueden adquirir una infecci\u00f3n con mayor facilidad. Desde esta unidad se ofrece un diagn\u00f3stico espec\u00edfico, informaci\u00f3n para prevenir futuros procesos infecciosos y tratamientos enfocados a tratar [&hellip;]\" \/>\n<meta property=\"og:url\" content=\"https:\/\/lluita.org\/es\/en-el-cas-de-les-immunodeficiencies-primaries-es-molt-important-sospitar-per-fer-un-diagnostic-a-temps\/\" \/>\n<meta property=\"og:site_name\" content=\"Fundaci\u00f3 Lluita contra les Infeccions\" \/>\n<meta property=\"article:published_time\" content=\"2024-03-19T11:23:30+00:00\" \/>\n<meta property=\"article:modified_time\" content=\"2024-03-19T11:56:19+00:00\" \/>\n<meta property=\"og:image\" content=\"https:\/\/lluita.org\/custom\/uploads\/2024\/03\/Img_bloc_CarmeBracke-1024x484.png\" \/>\n\t<meta property=\"og:image:width\" content=\"1024\" \/>\n\t<meta property=\"og:image:height\" content=\"484\" \/>\n\t<meta property=\"og:image:type\" content=\"image\/png\" \/>\n<meta name=\"author\" content=\"Marta Rodriguez\" \/>\n<meta name=\"twitter:card\" content=\"summary_large_image\" \/>\n<meta name=\"twitter:label1\" content=\"Escrito por\" \/>\n\t<meta name=\"twitter:data1\" content=\"Marta Rodriguez\" \/>\n\t<meta name=\"twitter:label2\" content=\"Tiempo de lectura\" \/>\n\t<meta name=\"twitter:data2\" content=\"5 minutos\" \/>\n<script type=\"application\/ld+json\" class=\"yoast-schema-graph\">{\"@context\":\"https:\\\/\\\/schema.org\",\"@graph\":[{\"@type\":\"Article\",\"@id\":\"https:\\\/\\\/lluita.org\\\/es\\\/en-el-cas-de-les-immunodeficiencies-primaries-es-molt-important-sospitar-per-fer-un-diagnostic-a-temps\\\/#article\",\"isPartOf\":{\"@id\":\"https:\\\/\\\/lluita.org\\\/es\\\/en-el-cas-de-les-immunodeficiencies-primaries-es-molt-important-sospitar-per-fer-un-diagnostic-a-temps\\\/\"},\"author\":{\"name\":\"Marta Rodriguez\",\"@id\":\"https:\\\/\\\/lluita.org\\\/#\\\/schema\\\/person\\\/33335fd0597aa3cc324e8b520d25eced\"},\"headline\":\"En el caso de las inmunodeficiencias primarias es muy importante \u00absospechar\u00bb para realizar un diagn\u00f3stico a tiempo\",\"datePublished\":\"2024-03-19T11:23:30+00:00\",\"dateModified\":\"2024-03-19T11:56:19+00:00\",\"mainEntityOfPage\":{\"@id\":\"https:\\\/\\\/lluita.org\\\/es\\\/en-el-cas-de-les-immunodeficiencies-primaries-es-molt-important-sospitar-per-fer-un-diagnostic-a-temps\\\/\"},\"wordCount\":920,\"image\":{\"@id\":\"https:\\\/\\\/lluita.org\\\/es\\\/en-el-cas-de-les-immunodeficiencies-primaries-es-molt-important-sospitar-per-fer-un-diagnostic-a-temps\\\/#primaryimage\"},\"thumbnailUrl\":\"https:\\\/\\\/lluita.org\\\/custom\\\/uploads\\\/2024\\\/03\\\/Img_bloc_CarmeBracke.png\",\"articleSection\":[\"Infecciones en pacientes inmunodeprimidos\"],\"inLanguage\":\"es\"},{\"@type\":\"WebPage\",\"@id\":\"https:\\\/\\\/lluita.org\\\/es\\\/en-el-cas-de-les-immunodeficiencies-primaries-es-molt-important-sospitar-per-fer-un-diagnostic-a-temps\\\/\",\"url\":\"https:\\\/\\\/lluita.org\\\/es\\\/en-el-cas-de-les-immunodeficiencies-primaries-es-molt-important-sospitar-per-fer-un-diagnostic-a-temps\\\/\",\"name\":\"En el caso de las inmunodeficiencias primarias es muy importante \u00absospechar\u00bb para realizar un diagn\u00f3stico a tiempo - Fundaci\u00f3 Lluita contra les Infeccions\",\"isPartOf\":{\"@id\":\"https:\\\/\\\/lluita.org\\\/#website\"},\"primaryImageOfPage\":{\"@id\":\"https:\\\/\\\/lluita.org\\\/es\\\/en-el-cas-de-les-immunodeficiencies-primaries-es-molt-important-sospitar-per-fer-un-diagnostic-a-temps\\\/#primaryimage\"},\"image\":{\"@id\":\"https:\\\/\\\/lluita.org\\\/es\\\/en-el-cas-de-les-immunodeficiencies-primaries-es-molt-important-sospitar-per-fer-un-diagnostic-a-temps\\\/#primaryimage\"},\"thumbnailUrl\":\"https:\\\/\\\/lluita.org\\\/custom\\\/uploads\\\/2024\\\/03\\\/Img_bloc_CarmeBracke.png\",\"datePublished\":\"2024-03-19T11:23:30+00:00\",\"dateModified\":\"2024-03-19T11:56:19+00:00\",\"author\":{\"@id\":\"https:\\\/\\\/lluita.org\\\/#\\\/schema\\\/person\\\/33335fd0597aa3cc324e8b520d25eced\"},\"breadcrumb\":{\"@id\":\"https:\\\/\\\/lluita.org\\\/es\\\/en-el-cas-de-les-immunodeficiencies-primaries-es-molt-important-sospitar-per-fer-un-diagnostic-a-temps\\\/#breadcrumb\"},\"inLanguage\":\"es\",\"potentialAction\":[{\"@type\":\"ReadAction\",\"target\":[\"https:\\\/\\\/lluita.org\\\/es\\\/en-el-cas-de-les-immunodeficiencies-primaries-es-molt-important-sospitar-per-fer-un-diagnostic-a-temps\\\/\"]}]},{\"@type\":\"ImageObject\",\"inLanguage\":\"es\",\"@id\":\"https:\\\/\\\/lluita.org\\\/es\\\/en-el-cas-de-les-immunodeficiencies-primaries-es-molt-important-sospitar-per-fer-un-diagnostic-a-temps\\\/#primaryimage\",\"url\":\"https:\\\/\\\/lluita.org\\\/custom\\\/uploads\\\/2024\\\/03\\\/Img_bloc_CarmeBracke.png\",\"contentUrl\":\"https:\\\/\\\/lluita.org\\\/custom\\\/uploads\\\/2024\\\/03\\\/Img_bloc_CarmeBracke.png\",\"width\":1800,\"height\":850},{\"@type\":\"BreadcrumbList\",\"@id\":\"https:\\\/\\\/lluita.org\\\/es\\\/en-el-cas-de-les-immunodeficiencies-primaries-es-molt-important-sospitar-per-fer-un-diagnostic-a-temps\\\/#breadcrumb\",\"itemListElement\":[{\"@type\":\"ListItem\",\"position\":1,\"name\":\"Inici\",\"item\":\"https:\\\/\\\/lluita.org\\\/es\\\/\"},{\"@type\":\"ListItem\",\"position\":2,\"name\":\"En el caso de las inmunodeficiencias primarias es muy importante \u00absospechar\u00bb para realizar un diagn\u00f3stico a tiempo\"}]},{\"@type\":\"WebSite\",\"@id\":\"https:\\\/\\\/lluita.org\\\/#website\",\"url\":\"https:\\\/\\\/lluita.org\\\/\",\"name\":\"Fundaci\u00f3 Lluita contra les Infeccions\",\"description\":\"\",\"potentialAction\":[{\"@type\":\"SearchAction\",\"target\":{\"@type\":\"EntryPoint\",\"urlTemplate\":\"https:\\\/\\\/lluita.org\\\/?s={search_term_string}\"},\"query-input\":{\"@type\":\"PropertyValueSpecification\",\"valueRequired\":true,\"valueName\":\"search_term_string\"}}],\"inLanguage\":\"es\"},{\"@type\":\"Person\",\"@id\":\"https:\\\/\\\/lluita.org\\\/#\\\/schema\\\/person\\\/33335fd0597aa3cc324e8b520d25eced\",\"name\":\"Marta Rodriguez\",\"image\":{\"@type\":\"ImageObject\",\"inLanguage\":\"es\",\"@id\":\"https:\\\/\\\/secure.gravatar.com\\\/avatar\\\/a6b119cbae43b329ad19d1889130bcf7e6567ba0ec896ae9cb1848863b6dabdd?s=96&d=mm&r=g\",\"url\":\"https:\\\/\\\/secure.gravatar.com\\\/avatar\\\/a6b119cbae43b329ad19d1889130bcf7e6567ba0ec896ae9cb1848863b6dabdd?s=96&d=mm&r=g\",\"contentUrl\":\"https:\\\/\\\/secure.gravatar.com\\\/avatar\\\/a6b119cbae43b329ad19d1889130bcf7e6567ba0ec896ae9cb1848863b6dabdd?s=96&d=mm&r=g\",\"caption\":\"Marta Rodriguez\"},\"url\":\"https:\\\/\\\/lluita.org\\\/es\\\/author\\\/mrodriguez\\\/\"}]}<\/script>\n<!-- \/ Yoast SEO Premium plugin. -->","yoast_head_json":{"title":"En el caso de las inmunodeficiencias primarias es muy importante \u00absospechar\u00bb para realizar un diagn\u00f3stico a tiempo - Fundaci\u00f3 Lluita contra les Infeccions","robots":{"index":"index","follow":"follow","max-snippet":"max-snippet:-1","max-image-preview":"max-image-preview:large","max-video-preview":"max-video-preview:-1"},"canonical":"https:\/\/lluita.org\/es\/en-el-cas-de-les-immunodeficiencies-primaries-es-molt-important-sospitar-per-fer-un-diagnostic-a-temps\/","og_locale":"es_ES","og_type":"article","og_title":"En el caso de las inmunodeficiencias primarias es muy importante \u00absospechar\u00bb para realizar un diagn\u00f3stico a tiempo","og_description":"En la Fundaci\u00f3n Lucha contra las Infecciones disponemos de una unidad especializada en pacientes inmunocomprometidos que son aquellos que tienen un sistema inmunitario m\u00e1s d\u00e9bil y que, por tanto, pueden adquirir una infecci\u00f3n con mayor facilidad. Desde esta unidad se ofrece un diagn\u00f3stico espec\u00edfico, informaci\u00f3n para prevenir futuros procesos infecciosos y tratamientos enfocados a tratar [&hellip;]","og_url":"https:\/\/lluita.org\/es\/en-el-cas-de-les-immunodeficiencies-primaries-es-molt-important-sospitar-per-fer-un-diagnostic-a-temps\/","og_site_name":"Fundaci\u00f3 Lluita contra les Infeccions","article_published_time":"2024-03-19T11:23:30+00:00","article_modified_time":"2024-03-19T11:56:19+00:00","og_image":[{"width":1024,"height":484,"url":"https:\/\/lluita.org\/custom\/uploads\/2024\/03\/Img_bloc_CarmeBracke-1024x484.png","type":"image\/png"}],"author":"Marta Rodriguez","twitter_card":"summary_large_image","twitter_misc":{"Escrito por":"Marta Rodriguez","Tiempo de lectura":"5 minutos"},"schema":{"@context":"https:\/\/schema.org","@graph":[{"@type":"Article","@id":"https:\/\/lluita.org\/es\/en-el-cas-de-les-immunodeficiencies-primaries-es-molt-important-sospitar-per-fer-un-diagnostic-a-temps\/#article","isPartOf":{"@id":"https:\/\/lluita.org\/es\/en-el-cas-de-les-immunodeficiencies-primaries-es-molt-important-sospitar-per-fer-un-diagnostic-a-temps\/"},"author":{"name":"Marta Rodriguez","@id":"https:\/\/lluita.org\/#\/schema\/person\/33335fd0597aa3cc324e8b520d25eced"},"headline":"En el caso de las inmunodeficiencias primarias es muy importante \u00absospechar\u00bb para realizar un diagn\u00f3stico a tiempo","datePublished":"2024-03-19T11:23:30+00:00","dateModified":"2024-03-19T11:56:19+00:00","mainEntityOfPage":{"@id":"https:\/\/lluita.org\/es\/en-el-cas-de-les-immunodeficiencies-primaries-es-molt-important-sospitar-per-fer-un-diagnostic-a-temps\/"},"wordCount":920,"image":{"@id":"https:\/\/lluita.org\/es\/en-el-cas-de-les-immunodeficiencies-primaries-es-molt-important-sospitar-per-fer-un-diagnostic-a-temps\/#primaryimage"},"thumbnailUrl":"https:\/\/lluita.org\/custom\/uploads\/2024\/03\/Img_bloc_CarmeBracke.png","articleSection":["Infecciones en pacientes inmunodeprimidos"],"inLanguage":"es"},{"@type":"WebPage","@id":"https:\/\/lluita.org\/es\/en-el-cas-de-les-immunodeficiencies-primaries-es-molt-important-sospitar-per-fer-un-diagnostic-a-temps\/","url":"https:\/\/lluita.org\/es\/en-el-cas-de-les-immunodeficiencies-primaries-es-molt-important-sospitar-per-fer-un-diagnostic-a-temps\/","name":"En el caso de las inmunodeficiencias primarias es muy importante \u00absospechar\u00bb para realizar un diagn\u00f3stico a tiempo - Fundaci\u00f3 Lluita contra les Infeccions","isPartOf":{"@id":"https:\/\/lluita.org\/#website"},"primaryImageOfPage":{"@id":"https:\/\/lluita.org\/es\/en-el-cas-de-les-immunodeficiencies-primaries-es-molt-important-sospitar-per-fer-un-diagnostic-a-temps\/#primaryimage"},"image":{"@id":"https:\/\/lluita.org\/es\/en-el-cas-de-les-immunodeficiencies-primaries-es-molt-important-sospitar-per-fer-un-diagnostic-a-temps\/#primaryimage"},"thumbnailUrl":"https:\/\/lluita.org\/custom\/uploads\/2024\/03\/Img_bloc_CarmeBracke.png","datePublished":"2024-03-19T11:23:30+00:00","dateModified":"2024-03-19T11:56:19+00:00","author":{"@id":"https:\/\/lluita.org\/#\/schema\/person\/33335fd0597aa3cc324e8b520d25eced"},"breadcrumb":{"@id":"https:\/\/lluita.org\/es\/en-el-cas-de-les-immunodeficiencies-primaries-es-molt-important-sospitar-per-fer-un-diagnostic-a-temps\/#breadcrumb"},"inLanguage":"es","potentialAction":[{"@type":"ReadAction","target":["https:\/\/lluita.org\/es\/en-el-cas-de-les-immunodeficiencies-primaries-es-molt-important-sospitar-per-fer-un-diagnostic-a-temps\/"]}]},{"@type":"ImageObject","inLanguage":"es","@id":"https:\/\/lluita.org\/es\/en-el-cas-de-les-immunodeficiencies-primaries-es-molt-important-sospitar-per-fer-un-diagnostic-a-temps\/#primaryimage","url":"https:\/\/lluita.org\/custom\/uploads\/2024\/03\/Img_bloc_CarmeBracke.png","contentUrl":"https:\/\/lluita.org\/custom\/uploads\/2024\/03\/Img_bloc_CarmeBracke.png","width":1800,"height":850},{"@type":"BreadcrumbList","@id":"https:\/\/lluita.org\/es\/en-el-cas-de-les-immunodeficiencies-primaries-es-molt-important-sospitar-per-fer-un-diagnostic-a-temps\/#breadcrumb","itemListElement":[{"@type":"ListItem","position":1,"name":"Inici","item":"https:\/\/lluita.org\/es\/"},{"@type":"ListItem","position":2,"name":"En el caso de las inmunodeficiencias primarias es muy importante \u00absospechar\u00bb para realizar un diagn\u00f3stico a tiempo"}]},{"@type":"WebSite","@id":"https:\/\/lluita.org\/#website","url":"https:\/\/lluita.org\/","name":"Fundaci\u00f3 Lluita contra les Infeccions","description":"","potentialAction":[{"@type":"SearchAction","target":{"@type":"EntryPoint","urlTemplate":"https:\/\/lluita.org\/?s={search_term_string}"},"query-input":{"@type":"PropertyValueSpecification","valueRequired":true,"valueName":"search_term_string"}}],"inLanguage":"es"},{"@type":"Person","@id":"https:\/\/lluita.org\/#\/schema\/person\/33335fd0597aa3cc324e8b520d25eced","name":"Marta Rodriguez","image":{"@type":"ImageObject","inLanguage":"es","@id":"https:\/\/secure.gravatar.com\/avatar\/a6b119cbae43b329ad19d1889130bcf7e6567ba0ec896ae9cb1848863b6dabdd?s=96&d=mm&r=g","url":"https:\/\/secure.gravatar.com\/avatar\/a6b119cbae43b329ad19d1889130bcf7e6567ba0ec896ae9cb1848863b6dabdd?s=96&d=mm&r=g","contentUrl":"https:\/\/secure.gravatar.com\/avatar\/a6b119cbae43b329ad19d1889130bcf7e6567ba0ec896ae9cb1848863b6dabdd?s=96&d=mm&r=g","caption":"Marta Rodriguez"},"url":"https:\/\/lluita.org\/es\/author\/mrodriguez\/"}]}},"_links":{"self":[{"href":"https:\/\/lluita.org\/es\/wp-json\/wp\/v2\/posts\/23254","targetHints":{"allow":["GET"]}}],"collection":[{"href":"https:\/\/lluita.org\/es\/wp-json\/wp\/v2\/posts"}],"about":[{"href":"https:\/\/lluita.org\/es\/wp-json\/wp\/v2\/types\/post"}],"author":[{"embeddable":true,"href":"https:\/\/lluita.org\/es\/wp-json\/wp\/v2\/users\/3"}],"replies":[{"embeddable":true,"href":"https:\/\/lluita.org\/es\/wp-json\/wp\/v2\/comments?post=23254"}],"version-history":[{"count":3,"href":"https:\/\/lluita.org\/es\/wp-json\/wp\/v2\/posts\/23254\/revisions"}],"predecessor-version":[{"id":23257,"href":"https:\/\/lluita.org\/es\/wp-json\/wp\/v2\/posts\/23254\/revisions\/23257"}],"wp:featuredmedia":[{"embeddable":true,"href":"https:\/\/lluita.org\/es\/wp-json\/wp\/v2\/media\/23252"}],"wp:attachment":[{"href":"https:\/\/lluita.org\/es\/wp-json\/wp\/v2\/media?parent=23254"}],"wp:term":[{"taxonomy":"category","embeddable":true,"href":"https:\/\/lluita.org\/es\/wp-json\/wp\/v2\/categories?post=23254"}],"curies":[{"name":"wp","href":"https:\/\/api.w.org\/{rel}","templated":true}]}}