{"id":23499,"date":"2024-05-31T08:29:52","date_gmt":"2024-05-31T08:29:52","guid":{"rendered":"https:\/\/lluita.org\/?p=23499"},"modified":"2024-05-31T08:35:40","modified_gmt":"2024-05-31T08:35:40","slug":"que-infeccion-ha-sufrido-el-actor-angel-llacer-que-le-dejo-14-dias-en-la-uci","status":"publish","type":"post","link":"https:\/\/lluita.org\/es\/que-infeccion-ha-sufrido-el-actor-angel-llacer-que-le-dejo-14-dias-en-la-uci\/","title":{"rendered":"\u00bfQu\u00e9 infecci\u00f3n ha sufrido el actor \u00c0ngel Ll\u00e0cer que le dej\u00f3 14 d\u00edas en la UCI?"},"content":{"rendered":"<p><span class=\"HwtZe\" lang=\"es\"><span class=\"jCAhz JxVs2d ChMk0b\"><span class=\"ryNqvb\">A todos nos gusta viajar.<\/span><\/span> <span class=\"jCAhz JxVs2d ChMk0b\"><span class=\"ryNqvb\">De hecho, es uno de los grandes placeres de la vida y por eso soportamos largas colas en los aeropuertos, pasamos calor sofocante o fr\u00edo g\u00e9lido, a\u00f1adimos retos digestivos a nuestro est\u00f3mago e incluso cruzamos oc\u00e9anos para descubrir nuevos para\u00edsos tropicales.<\/span><\/span> <span class=\"jCAhz JxVs2d ChMk0b\"><span class=\"ryNqvb\">Pero, atenci\u00f3n, es necesario informarse bien antes de viajar a ciertos pa\u00edses, ya que podemos encontrarnos con sorpresas inesperadas.<\/span><\/span> E<span class=\"jCAhz JxVs2d ChMk0b\"><span class=\"ryNqvb\">ste ha sido el caso del actor \u00c0ngel Ll\u00e0cer, quien a principios de a\u00f1o viaj\u00f3 al sudeste asi\u00e1tico para disfrutar de unas vacaciones id\u00edlicas, pero, en cambio, regres\u00f3 con una infecci\u00f3n provocada por la bacteria shigel,<\/span><\/span> <span class=\"jCAhz JxVs2d ChMk0b\"><span class=\"ryNqvb\">la que le someti\u00f3 a cuatro operaciones en una pierna y catorce d\u00edas en la UCI.<\/span><\/span><\/span><\/p>\n<p><span class=\"HwtZe\" lang=\"es\"><span class=\"jCAhz JxVs2d ChMk0b\"><span class=\"ryNqvb\">En la Fundaci\u00f3n Lucha contra las Infecciones, contamos con un grupo de investigaci\u00f3n especializado en Salud Internacional y Enfermedades Olvidadas que nos alerta sobre la importancia de tomar una serie de medidas higi\u00e9nicas, alimentarias y contra los mosquitos para las personas que viajen pr\u00f3ximamente a pa\u00edses tropicales<\/span><\/span> <span class=\"jCAhz JxVs2d ChMk0b\"><span class=\"ryNqvb\">o subtropicales, para combatir algunas infecciones.<\/span><\/span><\/span><\/p>\n<p><span class=\"HwtZe\" lang=\"es\"><span class=\"jCAhz JxVs2d ChMk0b\"><span class=\"ryNqvb\"><strong>\u00bfQu\u00e9 es la shigelosis?<\/strong> <\/span><\/span><\/span><\/p>\n<p><span class=\"HwtZe\" lang=\"es\"><span class=\"jCAhz JxVs2d ChMk0b\"><span class=\"ryNqvb\">La infecci\u00f3n por shigela, tambi\u00e9n conocida como shigelosis, es una enfermedad infecciosa causada por bacterias del g\u00e9nero Shigela.<\/span><\/span> <span class=\"jCAhz JxVs2d ChMk0b\"><span class=\"ryNqvb\">Estas bacterias afectan principalmente al intestino grueso y pueden causar diarrea, que a menudo es intensa y puede estar acompa\u00f1ada de sangre o moco. <\/span><\/span><\/span><\/p>\n<p><span class=\"HwtZe\" lang=\"es\"><span class=\"jCAhz JxVs2d\"><span class=\"ryNqvb\"><strong>S\u00edntomas de la shigela<\/strong> <\/span><\/span><\/span><\/p>\n<ul>\n<li><span class=\"HwtZe\" lang=\"es\"><span class=\"jCAhz JxVs2d ChMk0b\"><span class=\"ryNqvb\">Los s\u00edntomas t\u00edpicos de la infecci\u00f3n por shigela incluyen: <\/span><\/span> <\/span><\/li>\n<li><span class=\"HwtZe\" lang=\"es\"><span class=\"jCAhz JxVs2d\"><span class=\"ryNqvb\">Diarrea acuosa o con sangre <\/span><\/span> <\/span><\/li>\n<li><span class=\"HwtZe\" lang=\"es\"><span class=\"jCAhz JxVs2d\"><span class=\"ryNqvb\">Dolor abdominal <\/span><\/span> <\/span><\/li>\n<li><span class=\"HwtZe\" lang=\"es\"><span class=\"jCAhz JxVs2d\"><span class=\"ryNqvb\">Fiebre <\/span><\/span><\/span><\/li>\n<li><span class=\"HwtZe\" lang=\"es\"> <span class=\"jCAhz JxVs2d\"><span class=\"ryNqvb\">N\u00e1useas y v\u00f3mitos <\/span><\/span> <\/span><\/li>\n<li><span class=\"HwtZe\" lang=\"es\"><span class=\"jCAhz JxVs2d ChMk0b\"><span class=\"ryNqvb\">Sensaci\u00f3n de tenesmo (necesidad frecuente y urgente de defecar) <\/span><\/span><\/span><\/li>\n<\/ul>\n<p><span class=\"HwtZe\" lang=\"es\"><span class=\"jCAhz JxVs2d ChMk0b\"><span class=\"ryNqvb\">Los s\u00edntomas suelen aparecer uno o dos d\u00edas despu\u00e9s de la infecci\u00f3n y pueden durar entre 5 y 7 d\u00edas.<\/span><\/span> <span class=\"jCAhz JxVs2d ChMk0b\"><span class=\"ryNqvb\">En casos graves, la diarrea puede provocar deshidrataci\u00f3n, especialmente en ni\u00f1os y ancianos.<\/span><\/span><\/span><\/p>\n<p><span class=\"HwtZe\" lang=\"es\"><span class=\"jCAhz JxVs2d ChMk0b\"><span class=\"ryNqvb\"><strong>Transmisi\u00f3n<\/strong> <\/span><\/span><\/span><\/p>\n<p><span class=\"HwtZe\" lang=\"es\"><span class=\"jCAhz JxVs2d ChMk0b\"><span class=\"ryNqvb\">La shigela se transmite principalmente a trav\u00e9s de la ingesta de alimentos o agua contaminados con heces infectadas, as\u00ed como por el contacto directo con personas infectadas.<\/span><\/span> <span class=\"jCAhz JxVs2d ChMk0b\"><span class=\"ryNqvb\">Las pr\u00e1cticas higi\u00e9nicas inadecuadas, como la falta de lavado de manos, aumentan el riesgo de propagaci\u00f3n.<\/span><\/span><\/span><\/p>\n<p><span class=\"HwtZe\" lang=\"es\"><span class=\"jCAhz JxVs2d ChMk0b\"><span class=\"ryNqvb\"><strong>Prevenci\u00f3n<\/strong> <\/span><\/span><\/span><\/p>\n<p><span class=\"HwtZe\" lang=\"es\"><span class=\"jCAhz JxVs2d ChMk0b\"><span class=\"ryNqvb\">Las medidas de prevenci\u00f3n incluyen: <\/span><\/span> <\/span><\/p>\n<ul>\n<li><span class=\"HwtZe\" lang=\"es\"><span class=\"jCAhz JxVs2d ChMk0b\"><span class=\"ryNqvb\">Lavarse las manos frecuentemente con agua y jab\u00f3n, especialmente despu\u00e9s de ir al ba\u00f1o y antes de comer. <\/span><\/span> <\/span><\/li>\n<li><span class=\"HwtZe\" lang=\"es\"><span class=\"jCAhz JxVs2d ChMk0b\"><span class=\"ryNqvb\">Manipular los alimentos de forma higi\u00e9nica. <\/span><\/span> <\/span><\/li>\n<li><span class=\"HwtZe\" lang=\"es\"><span class=\"jCAhz JxVs2d\"><span class=\"ryNqvb\">Beber agua potable. <\/span><\/span> <\/span><\/li>\n<li><span class=\"HwtZe\" lang=\"es\"><span class=\"jCAhz JxVs2d\"><span class=\"ryNqvb\">Evitar el contacto cercano con personas infectadas.<\/span><\/span><\/span><\/li>\n<\/ul>\n<p><span class=\"HwtZe\" lang=\"es\"><span class=\"jCAhz JxVs2d ChMk0b\"><span class=\"ryNqvb\">La prevenci\u00f3n y tratamiento adecuados pueden ayudar a reducir la propagaci\u00f3n de ciertas infecciones y sus complicaciones. <\/span><\/span><\/span><\/p>\n<p class=\"post-single-header__title\"><strong>Los s\u00edntomas gastrointestinales despu\u00e9s de sufrir diarrea del viajero pueden persistir hasta incluso m\u00e1s de 6 meses<\/strong><\/p>\n<p><span class=\"HwtZe\" lang=\"es\"><span class=\"jCAhz JxVs2d ChMk0b\"><span class=\"ryNqvb\">Para saber m\u00e1s, puedes leer una noticia publicada en nuestro blog sobre un estudio de investigaci\u00f3n que impulsamos desde la Fundaci\u00f3n en colaboraci\u00f3n con el <a href=\"https:\/\/vhir.vallhebron.com\/es\">Instituto de Investigaci\u00f3n Vall d&#8217;Hebron<\/a> y el <a href=\"https:\/\/ics.gencat.cat\/ca\/assistencia\/programes-assistencials\/prosics\/unitats-de-salut-internacional\/index.html#googtrans(ca|es)\">Programa de Salud Internacional del<\/a><\/span><\/span> <span class=\"jCAhz JxVs2d\"><span class=\"ryNqvb\">Instituto Catal\u00e1n de la Salud.<\/span><\/span> <span class=\"jCAhz JxVs2d ChMk0b\"><span class=\"ryNqvb\">Este estudio determina que los s\u00edntomas gastrointestinales despu\u00e9s de sufrir diarrea del viajero pueden persistir durante m\u00e1s de seis meses.<\/span><\/span> <span class=\"jCAhz JxVs2d ChMk0b\"><span class=\"ryNqvb\"><a href=\"https:\/\/lluita.org\/es\/un-estudi-determina-que-els-simptomes-gastrointestinals-despres-de-patir-diarrea-del-viatger-poden-persistir-fins-i-tot-mes-de-6-mesos-2\/?swcfpc=1\">Haz clic en el enlace para ver la noticia<\/a>.<\/span><\/span><\/span><\/p>\n","protected":false},"excerpt":{"rendered":"<p>A todos nos gusta viajar. De hecho, es uno de los grandes placeres de la vida y por eso soportamos largas colas en los aeropuertos, pasamos calor sofocante o fr\u00edo g\u00e9lido, a\u00f1adimos retos digestivos a nuestro est\u00f3mago e incluso cruzamos oc\u00e9anos para descubrir nuevos para\u00edsos tropicales. Pero, atenci\u00f3n, es necesario informarse bien antes de viajar [&hellip;]<\/p>\n","protected":false},"author":3,"featured_media":23495,"comment_status":"closed","ping_status":"closed","sticky":false,"template":"","format":"standard","meta":{"_acf_changed":false,"footnotes":""},"categories":[268,270],"class_list":["post-23499","post","type-post","status-publish","format-standard","has-post-thumbnail","hentry","category-infecciones-bacaterianas-graves","category-salud-internacional"],"acf":[],"yoast_head":"<!-- This site is optimized with the Yoast SEO Premium plugin v27.4 (Yoast SEO v27.5) - https:\/\/yoast.com\/product\/yoast-seo-premium-wordpress\/ -->\n<title>\u00bfQu\u00e9 infecci\u00f3n ha sufrido el actor \u00c0ngel Ll\u00e0cer que le dej\u00f3 14 d\u00edas en la UCI? - Fundaci\u00f3 Lluita contra les Infeccions<\/title>\n<meta name=\"robots\" content=\"index, follow, max-snippet:-1, max-image-preview:large, max-video-preview:-1\" \/>\n<link rel=\"canonical\" href=\"https:\/\/lluita.org\/es\/que-infeccion-ha-sufrido-el-actor-angel-llacer-que-le-dejo-14-dias-en-la-uci\/\" \/>\n<meta property=\"og:locale\" content=\"es_ES\" \/>\n<meta property=\"og:type\" content=\"article\" \/>\n<meta property=\"og:title\" content=\"\u00bfQu\u00e9 infecci\u00f3n ha sufrido el actor \u00c0ngel Ll\u00e0cer que le dej\u00f3 14 d\u00edas en la UCI?\" \/>\n<meta property=\"og:description\" content=\"A todos nos gusta viajar. De hecho, es uno de los grandes placeres de la vida y por eso soportamos largas colas en los aeropuertos, pasamos calor sofocante o fr\u00edo g\u00e9lido, a\u00f1adimos retos digestivos a nuestro est\u00f3mago e incluso cruzamos oc\u00e9anos para descubrir nuevos para\u00edsos tropicales. Pero, atenci\u00f3n, es necesario informarse bien antes de viajar [&hellip;]\" \/>\n<meta property=\"og:url\" content=\"https:\/\/lluita.org\/es\/que-infeccion-ha-sufrido-el-actor-angel-llacer-que-le-dejo-14-dias-en-la-uci\/\" \/>\n<meta property=\"og:site_name\" content=\"Fundaci\u00f3 Lluita contra les Infeccions\" \/>\n<meta property=\"article:published_time\" content=\"2024-05-31T08:29:52+00:00\" \/>\n<meta property=\"article:modified_time\" content=\"2024-05-31T08:35:40+00:00\" \/>\n<meta property=\"og:image\" content=\"https:\/\/lluita.org\/custom\/uploads\/2024\/05\/angel_llacer.png\" \/>\n\t<meta property=\"og:image:width\" content=\"1800\" \/>\n\t<meta property=\"og:image:height\" content=\"850\" \/>\n\t<meta property=\"og:image:type\" content=\"image\/png\" \/>\n<meta name=\"author\" content=\"Marta Rodriguez\" \/>\n<meta name=\"twitter:card\" content=\"summary_large_image\" \/>\n<meta name=\"twitter:label1\" content=\"Escrito por\" \/>\n\t<meta name=\"twitter:data1\" content=\"Marta Rodriguez\" \/>\n\t<meta name=\"twitter:label2\" content=\"Tiempo de lectura\" \/>\n\t<meta name=\"twitter:data2\" content=\"3 minutos\" \/>\n<script type=\"application\/ld+json\" class=\"yoast-schema-graph\">{\"@context\":\"https:\\\/\\\/schema.org\",\"@graph\":[{\"@type\":\"Article\",\"@id\":\"https:\\\/\\\/lluita.org\\\/es\\\/que-infeccion-ha-sufrido-el-actor-angel-llacer-que-le-dejo-14-dias-en-la-uci\\\/#article\",\"isPartOf\":{\"@id\":\"https:\\\/\\\/lluita.org\\\/es\\\/que-infeccion-ha-sufrido-el-actor-angel-llacer-que-le-dejo-14-dias-en-la-uci\\\/\"},\"author\":{\"name\":\"Marta Rodriguez\",\"@id\":\"https:\\\/\\\/lluita.org\\\/#\\\/schema\\\/person\\\/33335fd0597aa3cc324e8b520d25eced\"},\"headline\":\"\u00bfQu\u00e9 infecci\u00f3n ha sufrido el actor \u00c0ngel Ll\u00e0cer que le dej\u00f3 14 d\u00edas en la UCI?\",\"datePublished\":\"2024-05-31T08:29:52+00:00\",\"dateModified\":\"2024-05-31T08:35:40+00:00\",\"mainEntityOfPage\":{\"@id\":\"https:\\\/\\\/lluita.org\\\/es\\\/que-infeccion-ha-sufrido-el-actor-angel-llacer-que-le-dejo-14-dias-en-la-uci\\\/\"},\"wordCount\":550,\"image\":{\"@id\":\"https:\\\/\\\/lluita.org\\\/es\\\/que-infeccion-ha-sufrido-el-actor-angel-llacer-que-le-dejo-14-dias-en-la-uci\\\/#primaryimage\"},\"thumbnailUrl\":\"https:\\\/\\\/lluita.org\\\/custom\\\/uploads\\\/2024\\\/05\\\/angel_llacer.png\",\"articleSection\":[\"Infecciones bacterianas graves\",\"Salud internacional\"],\"inLanguage\":\"es\"},{\"@type\":\"WebPage\",\"@id\":\"https:\\\/\\\/lluita.org\\\/es\\\/que-infeccion-ha-sufrido-el-actor-angel-llacer-que-le-dejo-14-dias-en-la-uci\\\/\",\"url\":\"https:\\\/\\\/lluita.org\\\/es\\\/que-infeccion-ha-sufrido-el-actor-angel-llacer-que-le-dejo-14-dias-en-la-uci\\\/\",\"name\":\"\u00bfQu\u00e9 infecci\u00f3n ha sufrido el actor \u00c0ngel Ll\u00e0cer que le dej\u00f3 14 d\u00edas en la UCI? - Fundaci\u00f3 Lluita contra les Infeccions\",\"isPartOf\":{\"@id\":\"https:\\\/\\\/lluita.org\\\/#website\"},\"primaryImageOfPage\":{\"@id\":\"https:\\\/\\\/lluita.org\\\/es\\\/que-infeccion-ha-sufrido-el-actor-angel-llacer-que-le-dejo-14-dias-en-la-uci\\\/#primaryimage\"},\"image\":{\"@id\":\"https:\\\/\\\/lluita.org\\\/es\\\/que-infeccion-ha-sufrido-el-actor-angel-llacer-que-le-dejo-14-dias-en-la-uci\\\/#primaryimage\"},\"thumbnailUrl\":\"https:\\\/\\\/lluita.org\\\/custom\\\/uploads\\\/2024\\\/05\\\/angel_llacer.png\",\"datePublished\":\"2024-05-31T08:29:52+00:00\",\"dateModified\":\"2024-05-31T08:35:40+00:00\",\"author\":{\"@id\":\"https:\\\/\\\/lluita.org\\\/#\\\/schema\\\/person\\\/33335fd0597aa3cc324e8b520d25eced\"},\"breadcrumb\":{\"@id\":\"https:\\\/\\\/lluita.org\\\/es\\\/que-infeccion-ha-sufrido-el-actor-angel-llacer-que-le-dejo-14-dias-en-la-uci\\\/#breadcrumb\"},\"inLanguage\":\"es\",\"potentialAction\":[{\"@type\":\"ReadAction\",\"target\":[\"https:\\\/\\\/lluita.org\\\/es\\\/que-infeccion-ha-sufrido-el-actor-angel-llacer-que-le-dejo-14-dias-en-la-uci\\\/\"]}]},{\"@type\":\"ImageObject\",\"inLanguage\":\"es\",\"@id\":\"https:\\\/\\\/lluita.org\\\/es\\\/que-infeccion-ha-sufrido-el-actor-angel-llacer-que-le-dejo-14-dias-en-la-uci\\\/#primaryimage\",\"url\":\"https:\\\/\\\/lluita.org\\\/custom\\\/uploads\\\/2024\\\/05\\\/angel_llacer.png\",\"contentUrl\":\"https:\\\/\\\/lluita.org\\\/custom\\\/uploads\\\/2024\\\/05\\\/angel_llacer.png\",\"width\":1800,\"height\":850},{\"@type\":\"BreadcrumbList\",\"@id\":\"https:\\\/\\\/lluita.org\\\/es\\\/que-infeccion-ha-sufrido-el-actor-angel-llacer-que-le-dejo-14-dias-en-la-uci\\\/#breadcrumb\",\"itemListElement\":[{\"@type\":\"ListItem\",\"position\":1,\"name\":\"Inici\",\"item\":\"https:\\\/\\\/lluita.org\\\/es\\\/\"},{\"@type\":\"ListItem\",\"position\":2,\"name\":\"\u00bfQu\u00e9 infecci\u00f3n ha sufrido el actor \u00c0ngel Ll\u00e0cer que le dej\u00f3 14 d\u00edas en la UCI?\"}]},{\"@type\":\"WebSite\",\"@id\":\"https:\\\/\\\/lluita.org\\\/#website\",\"url\":\"https:\\\/\\\/lluita.org\\\/\",\"name\":\"Fundaci\u00f3 Lluita contra les Infeccions\",\"description\":\"\",\"potentialAction\":[{\"@type\":\"SearchAction\",\"target\":{\"@type\":\"EntryPoint\",\"urlTemplate\":\"https:\\\/\\\/lluita.org\\\/?s={search_term_string}\"},\"query-input\":{\"@type\":\"PropertyValueSpecification\",\"valueRequired\":true,\"valueName\":\"search_term_string\"}}],\"inLanguage\":\"es\"},{\"@type\":\"Person\",\"@id\":\"https:\\\/\\\/lluita.org\\\/#\\\/schema\\\/person\\\/33335fd0597aa3cc324e8b520d25eced\",\"name\":\"Marta Rodriguez\",\"image\":{\"@type\":\"ImageObject\",\"inLanguage\":\"es\",\"@id\":\"https:\\\/\\\/secure.gravatar.com\\\/avatar\\\/a6b119cbae43b329ad19d1889130bcf7e6567ba0ec896ae9cb1848863b6dabdd?s=96&d=mm&r=g\",\"url\":\"https:\\\/\\\/secure.gravatar.com\\\/avatar\\\/a6b119cbae43b329ad19d1889130bcf7e6567ba0ec896ae9cb1848863b6dabdd?s=96&d=mm&r=g\",\"contentUrl\":\"https:\\\/\\\/secure.gravatar.com\\\/avatar\\\/a6b119cbae43b329ad19d1889130bcf7e6567ba0ec896ae9cb1848863b6dabdd?s=96&d=mm&r=g\",\"caption\":\"Marta Rodriguez\"},\"url\":\"https:\\\/\\\/lluita.org\\\/es\\\/author\\\/mrodriguez\\\/\"}]}<\/script>\n<!-- \/ Yoast SEO Premium plugin. -->","yoast_head_json":{"title":"\u00bfQu\u00e9 infecci\u00f3n ha sufrido el actor \u00c0ngel Ll\u00e0cer que le dej\u00f3 14 d\u00edas en la UCI? - Fundaci\u00f3 Lluita contra les Infeccions","robots":{"index":"index","follow":"follow","max-snippet":"max-snippet:-1","max-image-preview":"max-image-preview:large","max-video-preview":"max-video-preview:-1"},"canonical":"https:\/\/lluita.org\/es\/que-infeccion-ha-sufrido-el-actor-angel-llacer-que-le-dejo-14-dias-en-la-uci\/","og_locale":"es_ES","og_type":"article","og_title":"\u00bfQu\u00e9 infecci\u00f3n ha sufrido el actor \u00c0ngel Ll\u00e0cer que le dej\u00f3 14 d\u00edas en la UCI?","og_description":"A todos nos gusta viajar. De hecho, es uno de los grandes placeres de la vida y por eso soportamos largas colas en los aeropuertos, pasamos calor sofocante o fr\u00edo g\u00e9lido, a\u00f1adimos retos digestivos a nuestro est\u00f3mago e incluso cruzamos oc\u00e9anos para descubrir nuevos para\u00edsos tropicales. Pero, atenci\u00f3n, es necesario informarse bien antes de viajar [&hellip;]","og_url":"https:\/\/lluita.org\/es\/que-infeccion-ha-sufrido-el-actor-angel-llacer-que-le-dejo-14-dias-en-la-uci\/","og_site_name":"Fundaci\u00f3 Lluita contra les Infeccions","article_published_time":"2024-05-31T08:29:52+00:00","article_modified_time":"2024-05-31T08:35:40+00:00","og_image":[{"width":1800,"height":850,"url":"https:\/\/lluita.org\/custom\/uploads\/2024\/05\/angel_llacer.png","type":"image\/png"}],"author":"Marta Rodriguez","twitter_card":"summary_large_image","twitter_misc":{"Escrito por":"Marta Rodriguez","Tiempo de lectura":"3 minutos"},"schema":{"@context":"https:\/\/schema.org","@graph":[{"@type":"Article","@id":"https:\/\/lluita.org\/es\/que-infeccion-ha-sufrido-el-actor-angel-llacer-que-le-dejo-14-dias-en-la-uci\/#article","isPartOf":{"@id":"https:\/\/lluita.org\/es\/que-infeccion-ha-sufrido-el-actor-angel-llacer-que-le-dejo-14-dias-en-la-uci\/"},"author":{"name":"Marta Rodriguez","@id":"https:\/\/lluita.org\/#\/schema\/person\/33335fd0597aa3cc324e8b520d25eced"},"headline":"\u00bfQu\u00e9 infecci\u00f3n ha sufrido el actor \u00c0ngel Ll\u00e0cer que le dej\u00f3 14 d\u00edas en la UCI?","datePublished":"2024-05-31T08:29:52+00:00","dateModified":"2024-05-31T08:35:40+00:00","mainEntityOfPage":{"@id":"https:\/\/lluita.org\/es\/que-infeccion-ha-sufrido-el-actor-angel-llacer-que-le-dejo-14-dias-en-la-uci\/"},"wordCount":550,"image":{"@id":"https:\/\/lluita.org\/es\/que-infeccion-ha-sufrido-el-actor-angel-llacer-que-le-dejo-14-dias-en-la-uci\/#primaryimage"},"thumbnailUrl":"https:\/\/lluita.org\/custom\/uploads\/2024\/05\/angel_llacer.png","articleSection":["Infecciones bacterianas graves","Salud internacional"],"inLanguage":"es"},{"@type":"WebPage","@id":"https:\/\/lluita.org\/es\/que-infeccion-ha-sufrido-el-actor-angel-llacer-que-le-dejo-14-dias-en-la-uci\/","url":"https:\/\/lluita.org\/es\/que-infeccion-ha-sufrido-el-actor-angel-llacer-que-le-dejo-14-dias-en-la-uci\/","name":"\u00bfQu\u00e9 infecci\u00f3n ha sufrido el actor \u00c0ngel Ll\u00e0cer que le dej\u00f3 14 d\u00edas en la UCI? - Fundaci\u00f3 Lluita contra les Infeccions","isPartOf":{"@id":"https:\/\/lluita.org\/#website"},"primaryImageOfPage":{"@id":"https:\/\/lluita.org\/es\/que-infeccion-ha-sufrido-el-actor-angel-llacer-que-le-dejo-14-dias-en-la-uci\/#primaryimage"},"image":{"@id":"https:\/\/lluita.org\/es\/que-infeccion-ha-sufrido-el-actor-angel-llacer-que-le-dejo-14-dias-en-la-uci\/#primaryimage"},"thumbnailUrl":"https:\/\/lluita.org\/custom\/uploads\/2024\/05\/angel_llacer.png","datePublished":"2024-05-31T08:29:52+00:00","dateModified":"2024-05-31T08:35:40+00:00","author":{"@id":"https:\/\/lluita.org\/#\/schema\/person\/33335fd0597aa3cc324e8b520d25eced"},"breadcrumb":{"@id":"https:\/\/lluita.org\/es\/que-infeccion-ha-sufrido-el-actor-angel-llacer-que-le-dejo-14-dias-en-la-uci\/#breadcrumb"},"inLanguage":"es","potentialAction":[{"@type":"ReadAction","target":["https:\/\/lluita.org\/es\/que-infeccion-ha-sufrido-el-actor-angel-llacer-que-le-dejo-14-dias-en-la-uci\/"]}]},{"@type":"ImageObject","inLanguage":"es","@id":"https:\/\/lluita.org\/es\/que-infeccion-ha-sufrido-el-actor-angel-llacer-que-le-dejo-14-dias-en-la-uci\/#primaryimage","url":"https:\/\/lluita.org\/custom\/uploads\/2024\/05\/angel_llacer.png","contentUrl":"https:\/\/lluita.org\/custom\/uploads\/2024\/05\/angel_llacer.png","width":1800,"height":850},{"@type":"BreadcrumbList","@id":"https:\/\/lluita.org\/es\/que-infeccion-ha-sufrido-el-actor-angel-llacer-que-le-dejo-14-dias-en-la-uci\/#breadcrumb","itemListElement":[{"@type":"ListItem","position":1,"name":"Inici","item":"https:\/\/lluita.org\/es\/"},{"@type":"ListItem","position":2,"name":"\u00bfQu\u00e9 infecci\u00f3n ha sufrido el actor \u00c0ngel Ll\u00e0cer que le dej\u00f3 14 d\u00edas en la UCI?"}]},{"@type":"WebSite","@id":"https:\/\/lluita.org\/#website","url":"https:\/\/lluita.org\/","name":"Fundaci\u00f3 Lluita contra les Infeccions","description":"","potentialAction":[{"@type":"SearchAction","target":{"@type":"EntryPoint","urlTemplate":"https:\/\/lluita.org\/?s={search_term_string}"},"query-input":{"@type":"PropertyValueSpecification","valueRequired":true,"valueName":"search_term_string"}}],"inLanguage":"es"},{"@type":"Person","@id":"https:\/\/lluita.org\/#\/schema\/person\/33335fd0597aa3cc324e8b520d25eced","name":"Marta Rodriguez","image":{"@type":"ImageObject","inLanguage":"es","@id":"https:\/\/secure.gravatar.com\/avatar\/a6b119cbae43b329ad19d1889130bcf7e6567ba0ec896ae9cb1848863b6dabdd?s=96&d=mm&r=g","url":"https:\/\/secure.gravatar.com\/avatar\/a6b119cbae43b329ad19d1889130bcf7e6567ba0ec896ae9cb1848863b6dabdd?s=96&d=mm&r=g","contentUrl":"https:\/\/secure.gravatar.com\/avatar\/a6b119cbae43b329ad19d1889130bcf7e6567ba0ec896ae9cb1848863b6dabdd?s=96&d=mm&r=g","caption":"Marta Rodriguez"},"url":"https:\/\/lluita.org\/es\/author\/mrodriguez\/"}]}},"_links":{"self":[{"href":"https:\/\/lluita.org\/es\/wp-json\/wp\/v2\/posts\/23499","targetHints":{"allow":["GET"]}}],"collection":[{"href":"https:\/\/lluita.org\/es\/wp-json\/wp\/v2\/posts"}],"about":[{"href":"https:\/\/lluita.org\/es\/wp-json\/wp\/v2\/types\/post"}],"author":[{"embeddable":true,"href":"https:\/\/lluita.org\/es\/wp-json\/wp\/v2\/users\/3"}],"replies":[{"embeddable":true,"href":"https:\/\/lluita.org\/es\/wp-json\/wp\/v2\/comments?post=23499"}],"version-history":[{"count":3,"href":"https:\/\/lluita.org\/es\/wp-json\/wp\/v2\/posts\/23499\/revisions"}],"predecessor-version":[{"id":23502,"href":"https:\/\/lluita.org\/es\/wp-json\/wp\/v2\/posts\/23499\/revisions\/23502"}],"wp:featuredmedia":[{"embeddable":true,"href":"https:\/\/lluita.org\/es\/wp-json\/wp\/v2\/media\/23495"}],"wp:attachment":[{"href":"https:\/\/lluita.org\/es\/wp-json\/wp\/v2\/media?parent=23499"}],"wp:term":[{"taxonomy":"category","embeddable":true,"href":"https:\/\/lluita.org\/es\/wp-json\/wp\/v2\/categories?post=23499"}],"curies":[{"name":"wp","href":"https:\/\/api.w.org\/{rel}","templated":true}]}}