{"id":23555,"date":"2024-06-26T15:35:43","date_gmt":"2024-06-26T15:35:43","guid":{"rendered":"https:\/\/lluita.org\/les-infeccions-de-laparell-locomotor-son-complexes-i-requereixen-ser-abordades-per-un-equip-multidisciplinari\/"},"modified":"2024-06-28T10:10:00","modified_gmt":"2024-06-28T10:10:00","slug":"les-infeccions-de-laparell-locomotor-son-complexes-i-requereixen-ser-abordades-per-un-equip-multidisciplinari","status":"publish","type":"post","link":"https:\/\/lluita.org\/es\/les-infeccions-de-laparell-locomotor-son-complexes-i-requereixen-ser-abordades-per-un-equip-multidisciplinari\/","title":{"rendered":"Las infecciones del aparato locomotor son complejas y requieren ser abordadas por un equipo multidisciplinar"},"content":{"rendered":"<p><span class=\"HwtZe\" lang=\"es\"><span class=\"jCAhz JxVs2d ChMk0b\"><span class=\"ryNqvb\">Las infecciones del aparato locomotor afectan a las estructuras del sistema m\u00fasculoesquel\u00e9tico, como huesos, articulaciones, m\u00fasculos y tendones.<\/span><\/span> <span class=\"jCAhz JxVs2d ChMk0b\"><span class=\"ryNqvb\">Estas infecciones pueden ser causadas por bacterias, virus, hongos u otros microorganismos pat\u00f3genos y pueden tener graves consecuencias si no se tratan adecuadamente.<\/span><\/span> <span class=\"jCAhz JxVs2d ChMk0b\"><span class=\"ryNqvb\">En la Fundaci\u00f3n Lucha contra las Infecciones disponemos de una unidad de investigaci\u00f3n sobre infecciones que afectan al aparato locomotor.<\/span><\/span> <span class=\"jCAhz JxVs2d ChMk0b\"><span class=\"ryNqvb\">Para conocer con mayor profundidad qu\u00e9 hace esta unidad de trabajo nos entrevistamos con el dr.<\/span><\/span> <span class=\"jCAhz JxVs2d ChMk0b\"><span class=\"ryNqvb\">Esteban Reynaga, doctor del <a href=\"https:\/\/hospitalgermanstrias.cat\/\">Hospital Germans Trias<\/a> e investigador de la <a href=\"https:\/\/lluita.org\/es\/infeccions\/infecciones-bacterianas-graves\/?swcfpc=1\">Fundaci\u00f3n<\/a><\/span><\/span><\/span>.<\/p>\n<p><strong><span class=\"HwtZe\" lang=\"es\"><span class=\"jCAhz JxVs2d ChMk0b\"><span class=\"ryNqvb\">\u00bfPor qu\u00e9 se ha creado la Unidad Funcional de S\u00e9pticos del Aparato Locomotor?<\/span><\/span><\/span><\/strong><\/p>\n<div class=\"lRu31\" dir=\"ltr\"><span class=\"HwtZe\" lang=\"es\"><span class=\"jCAhz JxVs2d ChMk0b\"><span class=\"ryNqvb\">La<strong> Unidad Funcional de S\u00e9pticos<\/strong> se cre\u00f3 para ofrecer respuestas concretas a las personas con infecciones osteoarticulares y abordarlas de forma integral.<\/span><\/span> <span class=\"jCAhz JxVs2d ChMk0b\"><span class=\"ryNqvb\">Este tipo de infecciones son muy complejas y para tratarlas adecuadamente es necesaria la colaboraci\u00f3n de varios especialistas.<\/span><\/span> <span class=\"jCAhz JxVs2d ChMk0b\"><span class=\"ryNqvb\">Por tanto, para garantizar resultados \u00f3ptimos, la unidad se ha constituido desde el principio por traumat\u00f3logos, infect\u00f3logos, cirujanos pl\u00e1sticos, personal de hospitalizaci\u00f3n domiciliaria y microbi\u00f3logos, que son los pilares fundamentales del grupo.<\/span><\/span><\/span><\/div>\n<p><strong><span class=\"HwtZe\" lang=\"es\"><span class=\"jCAhz JxVs2d ChMk0b\"><span class=\"ryNqvb\">\u00bfQu\u00e9 pacientes trat\u00e1is en la \u00abUnidad Funcional de S\u00e9pticos del Aparato Locomotor\u00bb?<\/span><\/span><\/span><\/strong><\/p>\n<p><span class=\"HwtZe\" lang=\"es\"><span class=\"jCAhz JxVs2d ChMk0b\"><span class=\"ryNqvb\">Los pacientes que tratamos en nuestra Unidad han sufrido una fractura \u00f3sea, sea o no traum\u00e1tica, y necesitan la colocaci\u00f3n de una pr\u00f3tesis, que puede ser articular o no, o un material de osteos\u00edntesis, como placas o clavos.<\/span><\/span> <span class=\"jCAhz JxVs2d ChMk0b\"><span class=\"ryNqvb\">En vez de evolucionar correctamente, estos casos acaban desarrollando una infecci\u00f3n que puede aparecer, incluso, despu\u00e9s de varios a\u00f1os, ya que existen microorganismos que tienen la capacidad de esconderse y provocar una infecci\u00f3n en alg\u00fan momento de la vida<\/span><\/span><\/span>.<\/p>\n<p><strong><span class=\"HwtZe\" lang=\"es\"><span class=\"jCAhz JxVs2d ChMk0b\"><span class=\"ryNqvb\">\u00bfA qu\u00e9 porcentaje de personas afectan las infecciones del aparato locomotor?<\/span><\/span><\/span><\/strong><\/p>\n<p><span class=\"HwtZe\" lang=\"es\"><span class=\"jCAhz JxVs2d ChMk0b\"><span class=\"ryNqvb\">Entre el 1% y el 3% de las personas que se someten a una operaci\u00f3n para que se les implante una pr\u00f3tesis desarrollan una infecci\u00f3n.<\/span><\/span> <span class=\"jCAhz JxVs2d ChMk0b\"><span class=\"ryNqvb\">Por tanto, podr\u00edamos decir que es una infecci\u00f3n poco frecuente.<\/span><\/span> <span class=\"jCAhz JxVs2d ChMk0b\"><span class=\"ryNqvb\">Sin embargo, considerando que se colocan muchas pr\u00f3tesis al a\u00f1o, como por ejemplo unas 1.000 en el Hospital Germans Trias, estamos hablando de que entre 10 y 30 pacientes desarrollan una infecci\u00f3n aguda o cr\u00f3nica<\/span><\/span><\/span>.<\/p>\n<p><strong><span class=\"HwtZe\" lang=\"es\"><span class=\"jCAhz JxVs2d ChMk0b\"><span class=\"ryNqvb\">\u00bfCu\u00e1les son las infecciones m\u00e1s comunes que trat\u00e1is<\/span><\/span><\/span>?<\/strong><\/p>\n<p><span class=\"HwtZe\" lang=\"es\"><span class=\"jCAhz JxVs2d ChMk0b\"><span class=\"ryNqvb\">Normalmente tratamos infecciones agudas y cr\u00f3nicas.<\/span><\/span> <span class=\"jCAhz JxVs2d ChMk0b\"><span class=\"ryNqvb\">La diferencia entre ambas es que las agudas suelen aparecer durante el primer mes despu\u00e9s de la cirug\u00eda y, por lo general, el paciente queda ingresado para poder seguir el tratamiento.<\/span><\/span> <span class=\"jCAhz JxVs2d ChMk0b\"><span class=\"ryNqvb\">Sin embargo, las infecciones cr\u00f3nicas suelen manifestarse m\u00e1s tarde y el paciente nos visita porque experimenta dolor, aflojamiento de la pr\u00f3tesis, fiebre o acumulaci\u00f3n de l\u00edquido en la articulaci\u00f3n.<\/span><\/span> <span class=\"jCAhz JxVs2d ChMk0b\"><span class=\"ryNqvb\">El procedimiento para tratar estas infecciones var\u00eda: en el caso de las agudas, generalmente se respetan las pr\u00f3tesis y se cambian las partes m\u00f3viles;<\/span><\/span> <span class=\"jCAhz JxVs2d ChMk0b\"><span class=\"ryNqvb\">mientras que en lo que se refiere a las cr\u00f3nicas, habitualmente se reemplaza la pr\u00f3tesis completa<\/span><\/span><\/span>.<\/p>\n<p><strong><span class=\"HwtZe\" lang=\"es\"><span class=\"jCAhz JxVs2d ChMk0b\"><span class=\"ryNqvb\">\u00bfEn qu\u00e9 centr\u00e1is vuestra investigaci\u00f3n?<\/span><\/span><\/span><\/strong><\/p>\n<p><span class=\"HwtZe\" lang=\"es\"><span class=\"jCAhz JxVs2d ChMk0b\"><span class=\"ryNqvb\">En este momento estamos dando los primeros pasos en investigaci\u00f3n.<\/span><\/span> <span class=\"jCAhz JxVs2d ChMk0b\"><span class=\"ryNqvb\">Tenemos dos objetivos importantes: por un lado, la colaboraci\u00f3n con otras instituciones, como es el caso del grupo GEIO (Grupo de Estudio de Infecciones Osteoarticulares), con el que participamos en tres estudios basados \u200b\u200ben la administraci\u00f3n de ciertos tratamientos<\/span><\/span> <span class=\"jCAhz JxVs2d\"><span class=\"ryNqvb\">antibi\u00f3ticos.<\/span><\/span> <span class=\"jCAhz JxVs2d ChMk0b\"><span class=\"ryNqvb\">Paralelamente, desde la Fundaci\u00f3n Lucha contra las Infecciones lideramos una investigaci\u00f3n propia en modelos animales para responder a muchas preguntas que actualmente no tienen respuesta.<\/span><\/span> <span class=\"jCAhz JxVs2d ChMk0b\"><span class=\"ryNqvb\">Tambi\u00e9n estamos centrados en investigar las infecciones agudas de pr\u00f3tesis para desarrollar nuevas estrategias terap\u00e9uticas<\/span><\/span><\/span>.<\/p>\n<p><strong><span class=\"HwtZe\" lang=\"es\"><span class=\"jCAhz JxVs2d ChMk0b\"><span class=\"ryNqvb\">\u00bfTen\u00e9is algunos proyectos en mente de cara al futuro?<\/span><\/span><\/span><\/strong><\/p>\n<div class=\"lRu31\" dir=\"ltr\"><span class=\"HwtZe\" lang=\"es\"><span class=\"jCAhz JxVs2d ChMk0b\"><span class=\"ryNqvb\">En el Hospital Germans Trias tenemos el privilegio de contar con una Unidad Funcional de S\u00e9pticos del Aparato Locomotor que pocos hospitales pueden ofrecer.<\/span><\/span> <span class=\"jCAhz JxVs2d ChMk0b\"><span class=\"ryNqvb\">Esta unidad de trabajo dispone de un equipo multidisciplinar de profesionales que colaboran en sinergia de forma muy positiva.<\/span><\/span> <span class=\"jCAhz JxVs2d ChMk0b\"><span class=\"ryNqvb\">Esto tiene un beneficio claro, tanto en lo que se refiere a la atenci\u00f3n del paciente, como en el avance de la investigaci\u00f3n sobre infecciones del sistema m\u00fasculoesquel\u00e9tico.<\/span><\/span><\/span><\/div>\n","protected":false},"excerpt":{"rendered":"<p>Las infecciones del aparato locomotor afectan a las estructuras del sistema m\u00fasculoesquel\u00e9tico, como huesos, articulaciones, m\u00fasculos y tendones. Estas infecciones pueden ser causadas por bacterias, virus, hongos u otros microorganismos pat\u00f3genos y pueden tener graves consecuencias si no se tratan adecuadamente. En la Fundaci\u00f3n Lucha contra las Infecciones disponemos de una unidad de investigaci\u00f3n sobre [&hellip;]<\/p>\n","protected":false},"author":3,"featured_media":23547,"comment_status":"closed","ping_status":"closed","sticky":false,"template":"","format":"standard","meta":{"_acf_changed":false,"footnotes":""},"categories":[268],"class_list":["post-23555","post","type-post","status-publish","format-standard","has-post-thumbnail","hentry","category-infecciones-bacaterianas-graves"],"acf":[],"yoast_head":"<!-- This site is optimized with the Yoast SEO Premium plugin v27.4 (Yoast SEO v27.5) - https:\/\/yoast.com\/product\/yoast-seo-premium-wordpress\/ -->\n<title>Las infecciones del aparato locomotor son complejas y requieren ser abordadas por un equipo multidisciplinar - Fundaci\u00f3 Lluita contra les Infeccions<\/title>\n<meta name=\"robots\" content=\"index, follow, max-snippet:-1, max-image-preview:large, max-video-preview:-1\" \/>\n<link rel=\"canonical\" href=\"https:\/\/lluita.org\/es\/les-infeccions-de-laparell-locomotor-son-complexes-i-requereixen-ser-abordades-per-un-equip-multidisciplinari\/\" \/>\n<meta property=\"og:locale\" content=\"es_ES\" \/>\n<meta property=\"og:type\" content=\"article\" \/>\n<meta property=\"og:title\" content=\"Las infecciones del aparato locomotor son complejas y requieren ser abordadas por un equipo multidisciplinar\" \/>\n<meta property=\"og:description\" content=\"Las infecciones del aparato locomotor afectan a las estructuras del sistema m\u00fasculoesquel\u00e9tico, como huesos, articulaciones, m\u00fasculos y tendones. Estas infecciones pueden ser causadas por bacterias, virus, hongos u otros microorganismos pat\u00f3genos y pueden tener graves consecuencias si no se tratan adecuadamente. En la Fundaci\u00f3n Lucha contra las Infecciones disponemos de una unidad de investigaci\u00f3n sobre [&hellip;]\" \/>\n<meta property=\"og:url\" content=\"https:\/\/lluita.org\/es\/les-infeccions-de-laparell-locomotor-son-complexes-i-requereixen-ser-abordades-per-un-equip-multidisciplinari\/\" \/>\n<meta property=\"og:site_name\" content=\"Fundaci\u00f3 Lluita contra les Infeccions\" \/>\n<meta property=\"article:published_time\" content=\"2024-06-26T15:35:43+00:00\" \/>\n<meta property=\"article:modified_time\" content=\"2024-06-28T10:10:00+00:00\" \/>\n<meta property=\"og:image\" content=\"https:\/\/lluita.org\/custom\/uploads\/2024\/06\/equipo_esteban.jpg\" \/>\n\t<meta property=\"og:image:width\" content=\"1800\" \/>\n\t<meta property=\"og:image:height\" content=\"850\" \/>\n\t<meta property=\"og:image:type\" content=\"image\/jpeg\" \/>\n<meta name=\"author\" content=\"Marta Rodriguez\" \/>\n<meta name=\"twitter:card\" content=\"summary_large_image\" \/>\n<meta name=\"twitter:label1\" content=\"Escrito por\" \/>\n\t<meta name=\"twitter:data1\" content=\"Marta Rodriguez\" \/>\n\t<meta name=\"twitter:label2\" content=\"Tiempo de lectura\" \/>\n\t<meta name=\"twitter:data2\" content=\"4 minutos\" \/>\n<script type=\"application\/ld+json\" class=\"yoast-schema-graph\">{\"@context\":\"https:\\\/\\\/schema.org\",\"@graph\":[{\"@type\":\"Article\",\"@id\":\"https:\\\/\\\/lluita.org\\\/es\\\/les-infeccions-de-laparell-locomotor-son-complexes-i-requereixen-ser-abordades-per-un-equip-multidisciplinari\\\/#article\",\"isPartOf\":{\"@id\":\"https:\\\/\\\/lluita.org\\\/es\\\/les-infeccions-de-laparell-locomotor-son-complexes-i-requereixen-ser-abordades-per-un-equip-multidisciplinari\\\/\"},\"author\":{\"name\":\"Marta Rodriguez\",\"@id\":\"https:\\\/\\\/lluita.org\\\/#\\\/schema\\\/person\\\/33335fd0597aa3cc324e8b520d25eced\"},\"headline\":\"Las infecciones del aparato locomotor son complejas y requieren ser abordadas por un equipo multidisciplinar\",\"datePublished\":\"2024-06-26T15:35:43+00:00\",\"dateModified\":\"2024-06-28T10:10:00+00:00\",\"mainEntityOfPage\":{\"@id\":\"https:\\\/\\\/lluita.org\\\/es\\\/les-infeccions-de-laparell-locomotor-son-complexes-i-requereixen-ser-abordades-per-un-equip-multidisciplinari\\\/\"},\"wordCount\":712,\"image\":{\"@id\":\"https:\\\/\\\/lluita.org\\\/es\\\/les-infeccions-de-laparell-locomotor-son-complexes-i-requereixen-ser-abordades-per-un-equip-multidisciplinari\\\/#primaryimage\"},\"thumbnailUrl\":\"https:\\\/\\\/lluita.org\\\/custom\\\/uploads\\\/2024\\\/06\\\/equipo_esteban.jpg\",\"articleSection\":[\"Infecciones bacterianas graves\"],\"inLanguage\":\"es\"},{\"@type\":\"WebPage\",\"@id\":\"https:\\\/\\\/lluita.org\\\/es\\\/les-infeccions-de-laparell-locomotor-son-complexes-i-requereixen-ser-abordades-per-un-equip-multidisciplinari\\\/\",\"url\":\"https:\\\/\\\/lluita.org\\\/es\\\/les-infeccions-de-laparell-locomotor-son-complexes-i-requereixen-ser-abordades-per-un-equip-multidisciplinari\\\/\",\"name\":\"Las infecciones del aparato locomotor son complejas y requieren ser abordadas por un equipo multidisciplinar - Fundaci\u00f3 Lluita contra les Infeccions\",\"isPartOf\":{\"@id\":\"https:\\\/\\\/lluita.org\\\/#website\"},\"primaryImageOfPage\":{\"@id\":\"https:\\\/\\\/lluita.org\\\/es\\\/les-infeccions-de-laparell-locomotor-son-complexes-i-requereixen-ser-abordades-per-un-equip-multidisciplinari\\\/#primaryimage\"},\"image\":{\"@id\":\"https:\\\/\\\/lluita.org\\\/es\\\/les-infeccions-de-laparell-locomotor-son-complexes-i-requereixen-ser-abordades-per-un-equip-multidisciplinari\\\/#primaryimage\"},\"thumbnailUrl\":\"https:\\\/\\\/lluita.org\\\/custom\\\/uploads\\\/2024\\\/06\\\/equipo_esteban.jpg\",\"datePublished\":\"2024-06-26T15:35:43+00:00\",\"dateModified\":\"2024-06-28T10:10:00+00:00\",\"author\":{\"@id\":\"https:\\\/\\\/lluita.org\\\/#\\\/schema\\\/person\\\/33335fd0597aa3cc324e8b520d25eced\"},\"breadcrumb\":{\"@id\":\"https:\\\/\\\/lluita.org\\\/es\\\/les-infeccions-de-laparell-locomotor-son-complexes-i-requereixen-ser-abordades-per-un-equip-multidisciplinari\\\/#breadcrumb\"},\"inLanguage\":\"es\",\"potentialAction\":[{\"@type\":\"ReadAction\",\"target\":[\"https:\\\/\\\/lluita.org\\\/es\\\/les-infeccions-de-laparell-locomotor-son-complexes-i-requereixen-ser-abordades-per-un-equip-multidisciplinari\\\/\"]}]},{\"@type\":\"ImageObject\",\"inLanguage\":\"es\",\"@id\":\"https:\\\/\\\/lluita.org\\\/es\\\/les-infeccions-de-laparell-locomotor-son-complexes-i-requereixen-ser-abordades-per-un-equip-multidisciplinari\\\/#primaryimage\",\"url\":\"https:\\\/\\\/lluita.org\\\/custom\\\/uploads\\\/2024\\\/06\\\/equipo_esteban.jpg\",\"contentUrl\":\"https:\\\/\\\/lluita.org\\\/custom\\\/uploads\\\/2024\\\/06\\\/equipo_esteban.jpg\",\"width\":1800,\"height\":850},{\"@type\":\"BreadcrumbList\",\"@id\":\"https:\\\/\\\/lluita.org\\\/es\\\/les-infeccions-de-laparell-locomotor-son-complexes-i-requereixen-ser-abordades-per-un-equip-multidisciplinari\\\/#breadcrumb\",\"itemListElement\":[{\"@type\":\"ListItem\",\"position\":1,\"name\":\"Inici\",\"item\":\"https:\\\/\\\/lluita.org\\\/es\\\/\"},{\"@type\":\"ListItem\",\"position\":2,\"name\":\"Las infecciones del aparato locomotor son complejas y requieren ser abordadas por un equipo multidisciplinar\"}]},{\"@type\":\"WebSite\",\"@id\":\"https:\\\/\\\/lluita.org\\\/#website\",\"url\":\"https:\\\/\\\/lluita.org\\\/\",\"name\":\"Fundaci\u00f3 Lluita contra les Infeccions\",\"description\":\"\",\"potentialAction\":[{\"@type\":\"SearchAction\",\"target\":{\"@type\":\"EntryPoint\",\"urlTemplate\":\"https:\\\/\\\/lluita.org\\\/?s={search_term_string}\"},\"query-input\":{\"@type\":\"PropertyValueSpecification\",\"valueRequired\":true,\"valueName\":\"search_term_string\"}}],\"inLanguage\":\"es\"},{\"@type\":\"Person\",\"@id\":\"https:\\\/\\\/lluita.org\\\/#\\\/schema\\\/person\\\/33335fd0597aa3cc324e8b520d25eced\",\"name\":\"Marta Rodriguez\",\"image\":{\"@type\":\"ImageObject\",\"inLanguage\":\"es\",\"@id\":\"https:\\\/\\\/secure.gravatar.com\\\/avatar\\\/a6b119cbae43b329ad19d1889130bcf7e6567ba0ec896ae9cb1848863b6dabdd?s=96&d=mm&r=g\",\"url\":\"https:\\\/\\\/secure.gravatar.com\\\/avatar\\\/a6b119cbae43b329ad19d1889130bcf7e6567ba0ec896ae9cb1848863b6dabdd?s=96&d=mm&r=g\",\"contentUrl\":\"https:\\\/\\\/secure.gravatar.com\\\/avatar\\\/a6b119cbae43b329ad19d1889130bcf7e6567ba0ec896ae9cb1848863b6dabdd?s=96&d=mm&r=g\",\"caption\":\"Marta Rodriguez\"},\"url\":\"https:\\\/\\\/lluita.org\\\/es\\\/author\\\/mrodriguez\\\/\"}]}<\/script>\n<!-- \/ Yoast SEO Premium plugin. -->","yoast_head_json":{"title":"Las infecciones del aparato locomotor son complejas y requieren ser abordadas por un equipo multidisciplinar - Fundaci\u00f3 Lluita contra les Infeccions","robots":{"index":"index","follow":"follow","max-snippet":"max-snippet:-1","max-image-preview":"max-image-preview:large","max-video-preview":"max-video-preview:-1"},"canonical":"https:\/\/lluita.org\/es\/les-infeccions-de-laparell-locomotor-son-complexes-i-requereixen-ser-abordades-per-un-equip-multidisciplinari\/","og_locale":"es_ES","og_type":"article","og_title":"Las infecciones del aparato locomotor son complejas y requieren ser abordadas por un equipo multidisciplinar","og_description":"Las infecciones del aparato locomotor afectan a las estructuras del sistema m\u00fasculoesquel\u00e9tico, como huesos, articulaciones, m\u00fasculos y tendones. Estas infecciones pueden ser causadas por bacterias, virus, hongos u otros microorganismos pat\u00f3genos y pueden tener graves consecuencias si no se tratan adecuadamente. En la Fundaci\u00f3n Lucha contra las Infecciones disponemos de una unidad de investigaci\u00f3n sobre [&hellip;]","og_url":"https:\/\/lluita.org\/es\/les-infeccions-de-laparell-locomotor-son-complexes-i-requereixen-ser-abordades-per-un-equip-multidisciplinari\/","og_site_name":"Fundaci\u00f3 Lluita contra les Infeccions","article_published_time":"2024-06-26T15:35:43+00:00","article_modified_time":"2024-06-28T10:10:00+00:00","og_image":[{"width":1800,"height":850,"url":"https:\/\/lluita.org\/custom\/uploads\/2024\/06\/equipo_esteban.jpg","type":"image\/jpeg"}],"author":"Marta Rodriguez","twitter_card":"summary_large_image","twitter_misc":{"Escrito por":"Marta Rodriguez","Tiempo de lectura":"4 minutos"},"schema":{"@context":"https:\/\/schema.org","@graph":[{"@type":"Article","@id":"https:\/\/lluita.org\/es\/les-infeccions-de-laparell-locomotor-son-complexes-i-requereixen-ser-abordades-per-un-equip-multidisciplinari\/#article","isPartOf":{"@id":"https:\/\/lluita.org\/es\/les-infeccions-de-laparell-locomotor-son-complexes-i-requereixen-ser-abordades-per-un-equip-multidisciplinari\/"},"author":{"name":"Marta Rodriguez","@id":"https:\/\/lluita.org\/#\/schema\/person\/33335fd0597aa3cc324e8b520d25eced"},"headline":"Las infecciones del aparato locomotor son complejas y requieren ser abordadas por un equipo multidisciplinar","datePublished":"2024-06-26T15:35:43+00:00","dateModified":"2024-06-28T10:10:00+00:00","mainEntityOfPage":{"@id":"https:\/\/lluita.org\/es\/les-infeccions-de-laparell-locomotor-son-complexes-i-requereixen-ser-abordades-per-un-equip-multidisciplinari\/"},"wordCount":712,"image":{"@id":"https:\/\/lluita.org\/es\/les-infeccions-de-laparell-locomotor-son-complexes-i-requereixen-ser-abordades-per-un-equip-multidisciplinari\/#primaryimage"},"thumbnailUrl":"https:\/\/lluita.org\/custom\/uploads\/2024\/06\/equipo_esteban.jpg","articleSection":["Infecciones bacterianas graves"],"inLanguage":"es"},{"@type":"WebPage","@id":"https:\/\/lluita.org\/es\/les-infeccions-de-laparell-locomotor-son-complexes-i-requereixen-ser-abordades-per-un-equip-multidisciplinari\/","url":"https:\/\/lluita.org\/es\/les-infeccions-de-laparell-locomotor-son-complexes-i-requereixen-ser-abordades-per-un-equip-multidisciplinari\/","name":"Las infecciones del aparato locomotor son complejas y requieren ser abordadas por un equipo multidisciplinar - Fundaci\u00f3 Lluita contra les Infeccions","isPartOf":{"@id":"https:\/\/lluita.org\/#website"},"primaryImageOfPage":{"@id":"https:\/\/lluita.org\/es\/les-infeccions-de-laparell-locomotor-son-complexes-i-requereixen-ser-abordades-per-un-equip-multidisciplinari\/#primaryimage"},"image":{"@id":"https:\/\/lluita.org\/es\/les-infeccions-de-laparell-locomotor-son-complexes-i-requereixen-ser-abordades-per-un-equip-multidisciplinari\/#primaryimage"},"thumbnailUrl":"https:\/\/lluita.org\/custom\/uploads\/2024\/06\/equipo_esteban.jpg","datePublished":"2024-06-26T15:35:43+00:00","dateModified":"2024-06-28T10:10:00+00:00","author":{"@id":"https:\/\/lluita.org\/#\/schema\/person\/33335fd0597aa3cc324e8b520d25eced"},"breadcrumb":{"@id":"https:\/\/lluita.org\/es\/les-infeccions-de-laparell-locomotor-son-complexes-i-requereixen-ser-abordades-per-un-equip-multidisciplinari\/#breadcrumb"},"inLanguage":"es","potentialAction":[{"@type":"ReadAction","target":["https:\/\/lluita.org\/es\/les-infeccions-de-laparell-locomotor-son-complexes-i-requereixen-ser-abordades-per-un-equip-multidisciplinari\/"]}]},{"@type":"ImageObject","inLanguage":"es","@id":"https:\/\/lluita.org\/es\/les-infeccions-de-laparell-locomotor-son-complexes-i-requereixen-ser-abordades-per-un-equip-multidisciplinari\/#primaryimage","url":"https:\/\/lluita.org\/custom\/uploads\/2024\/06\/equipo_esteban.jpg","contentUrl":"https:\/\/lluita.org\/custom\/uploads\/2024\/06\/equipo_esteban.jpg","width":1800,"height":850},{"@type":"BreadcrumbList","@id":"https:\/\/lluita.org\/es\/les-infeccions-de-laparell-locomotor-son-complexes-i-requereixen-ser-abordades-per-un-equip-multidisciplinari\/#breadcrumb","itemListElement":[{"@type":"ListItem","position":1,"name":"Inici","item":"https:\/\/lluita.org\/es\/"},{"@type":"ListItem","position":2,"name":"Las infecciones del aparato locomotor son complejas y requieren ser abordadas por un equipo multidisciplinar"}]},{"@type":"WebSite","@id":"https:\/\/lluita.org\/#website","url":"https:\/\/lluita.org\/","name":"Fundaci\u00f3 Lluita contra les Infeccions","description":"","potentialAction":[{"@type":"SearchAction","target":{"@type":"EntryPoint","urlTemplate":"https:\/\/lluita.org\/?s={search_term_string}"},"query-input":{"@type":"PropertyValueSpecification","valueRequired":true,"valueName":"search_term_string"}}],"inLanguage":"es"},{"@type":"Person","@id":"https:\/\/lluita.org\/#\/schema\/person\/33335fd0597aa3cc324e8b520d25eced","name":"Marta Rodriguez","image":{"@type":"ImageObject","inLanguage":"es","@id":"https:\/\/secure.gravatar.com\/avatar\/a6b119cbae43b329ad19d1889130bcf7e6567ba0ec896ae9cb1848863b6dabdd?s=96&d=mm&r=g","url":"https:\/\/secure.gravatar.com\/avatar\/a6b119cbae43b329ad19d1889130bcf7e6567ba0ec896ae9cb1848863b6dabdd?s=96&d=mm&r=g","contentUrl":"https:\/\/secure.gravatar.com\/avatar\/a6b119cbae43b329ad19d1889130bcf7e6567ba0ec896ae9cb1848863b6dabdd?s=96&d=mm&r=g","caption":"Marta Rodriguez"},"url":"https:\/\/lluita.org\/es\/author\/mrodriguez\/"}]}},"_links":{"self":[{"href":"https:\/\/lluita.org\/es\/wp-json\/wp\/v2\/posts\/23555","targetHints":{"allow":["GET"]}}],"collection":[{"href":"https:\/\/lluita.org\/es\/wp-json\/wp\/v2\/posts"}],"about":[{"href":"https:\/\/lluita.org\/es\/wp-json\/wp\/v2\/types\/post"}],"author":[{"embeddable":true,"href":"https:\/\/lluita.org\/es\/wp-json\/wp\/v2\/users\/3"}],"replies":[{"embeddable":true,"href":"https:\/\/lluita.org\/es\/wp-json\/wp\/v2\/comments?post=23555"}],"version-history":[{"count":2,"href":"https:\/\/lluita.org\/es\/wp-json\/wp\/v2\/posts\/23555\/revisions"}],"predecessor-version":[{"id":23557,"href":"https:\/\/lluita.org\/es\/wp-json\/wp\/v2\/posts\/23555\/revisions\/23557"}],"wp:featuredmedia":[{"embeddable":true,"href":"https:\/\/lluita.org\/es\/wp-json\/wp\/v2\/media\/23547"}],"wp:attachment":[{"href":"https:\/\/lluita.org\/es\/wp-json\/wp\/v2\/media?parent=23555"}],"wp:term":[{"taxonomy":"category","embeddable":true,"href":"https:\/\/lluita.org\/es\/wp-json\/wp\/v2\/categories?post=23555"}],"curies":[{"name":"wp","href":"https:\/\/api.w.org\/{rel}","templated":true}]}}