{"id":23809,"date":"2024-09-20T13:04:40","date_gmt":"2024-09-20T13:04:40","guid":{"rendered":"https:\/\/lluita.org\/?p=23809"},"modified":"2024-09-20T14:24:48","modified_gmt":"2024-09-20T14:24:48","slug":"concert-solidari-christmas-for-a-new-life-per-combatre-lalzheimer","status":"publish","type":"post","link":"https:\/\/lluita.org\/es\/concert-solidari-christmas-for-a-new-life-per-combatre-lalzheimer\/","title":{"rendered":"Concierto solidario \u00abChristmas for a new life\u00bb para combatir el Alzheimer con un f\u00e1rmaco antiviral"},"content":{"rendered":"<div class=\"lRu31\" dir=\"ltr\"><span class=\"HwtZe\" lang=\"es\"><span class=\"jCAhz ChMk0b\"><span class=\"ryNqvb\">La <strong>Fundaci\u00f3n Lucha contra las Infecciones<\/strong> y la <a href=\"https:\/\/www.fundaciometalquimia.org\/ca\/\">Fundaci\u00f3n Metalquimia<\/a> impulsan el concierto solidario \u201cChristmas for a new life.<\/span><\/span> <span class=\"jCAhz ChMk0b\"><span class=\"ryNqvb\">Abrimos un nuevo horizonte para el Alzheimer y el envejecimiento\u00bb para combatir esta enfermedad. <\/span><\/span><\/span><\/div>\n<div dir=\"ltr\"><\/div>\n<div class=\"lRu31\" dir=\"ltr\"><span class=\"HwtZe\" lang=\"es\"><span class=\"jCAhz ChMk0b\"><span class=\"ryNqvb\">El concierto ofrecer\u00e1 un viaje por todo el mundo a trav\u00e9s de las melod\u00edas navide\u00f1as m\u00e1s emotivas de todos los tiempos.<\/span><\/span> <span class=\"jCAhz ChMk0b\"><span class=\"ryNqvb\">La <strong>Sinf\u00f3nica de Copla y Corda de Catalunya<\/strong> contar\u00e1 con la colaboraci\u00f3n de los solistas <strong>Elena Gadel<\/strong>, <strong>Miki N\u00fa\u00f1ez<\/strong>, <strong>Beth<\/strong>, <strong>Mariona Escoda<\/strong>, <strong>La Pau y Joan Garrido<\/strong>, adem\u00e1s de la <strong>Coral Polif\u00f3nica de Puig-reig<\/strong>.<\/span><\/span> <span class=\"jCAhz ChMk0b\"><span class=\"ryNqvb\">Conjuntamente, interpretar\u00e1n una selecci\u00f3n de grandes canciones de Navidad de todos los tiempos y de todos los or\u00edgenes, adaptadas a la sonoridad de la Sinf\u00f3nica de Copla y Corda de Catalunya, con piezas que van desde la m\u00fasica medieval de Greensleeves hasta las conocidas piezas<\/span><\/span> <span class=\"jCAhz ChMk0b\"><span class=\"ryNqvb\">de Ed Sheeran, Elton John o Mariah Carey.<\/span><\/span> <span class=\"jCAhz ChMk0b\"><span class=\"ryNqvb\">Tambi\u00e9n contar\u00e1 con una pieza de encargo, compuesta por la cantante <strong>Beth Rodergas<\/strong> y <strong>Adri\u00e0 Barbosa<\/strong>.<\/span><\/span> <span class=\"jCAhz\"><span class=\"ryNqvb\">El proyecto ha recibido el Premio Enderrock al mejor disco de Cl\u00e1sica de 2023 por votaci\u00f3n popular.<\/span><\/span><\/span><\/div>\n<div dir=\"ltr\"><\/div>\n<div class=\"lRu31\" dir=\"ltr\"><span class=\"HwtZe\" lang=\"es\"><span class=\"jCAhz\"><span class=\"ryNqvb\"><strong>Diferentes instituciones suman su conocimiento cient\u00edfico para combatir el Alzheimer<\/strong> <\/span><\/span><\/span><\/div>\n<div dir=\"ltr\"><\/div>\n<div class=\"lRu31\" dir=\"ltr\"><span class=\"HwtZe\" lang=\"es\"><span class=\"jCAhz ChMk0b\"><span class=\"ryNqvb\">La enfermedad de Alzheimer es la causa m\u00e1s com\u00fan de demencia con una expectativa proyectada para convertirse en el principal reto de las personas mayores, y se prev\u00e9 que los casos aumenten aproximadamente 3 veces en los pr\u00f3ximos 40 a\u00f1os y lleguen a m\u00e1s de 150<\/span><\/span> <span class=\"jCAhz\"><span class=\"ryNqvb\">millones en el 2050. De hecho, es una enfermedad que desgraciadamente y pese a a\u00f1os de investigaci\u00f3n, todav\u00eda no tiene cura.<\/span><\/span> <span class=\"jCAhz\"><span class=\"ryNqvb\">Sin embargo, ahora se est\u00e1 explorando una soluci\u00f3n innovadora que ha mostrado eficacia en estudios con animales: la acci\u00f3n de un f\u00e1rmaco antiviral de bajo coste que puede revolucionar el tratamiento del Alzheimer y de los efectos del envejecimiento.<\/span><\/span> <span class=\"jCAhz\"><span class=\"ryNqvb\">Por eso, un grupo de instituciones l\u00edderes en investigaci\u00f3n cient\u00edfica como son la <a href=\"https:\/\/lluita.org\/es\/?swcfpc=1\">Fundaci\u00f3n Lucha contra las Infecciones<\/a>, el <a href=\"https:\/\/www.irsicaixa.es\/es\">IrsiCaixa<\/a>, el <a href=\"https:\/\/hospitalgermanstrias.cat\/web\/guest\/inicio\">Hospital Germans Trias<\/a>, la <a href=\"https:\/\/fpmaragall.org\/\">Fundaci\u00f3n Pasqual Maragall<\/a> y el <a href=\"https:\/\/www.crg.eu\/es\">Centro de Regulaci\u00f3n Gen\u00f3mica<\/a> unen sus conocimientos para trasladar<\/span><\/span> <span class=\"jCAhz\"><span class=\"ryNqvb\">esta esperanzadora propuesta a los humanos. <\/span><\/span><\/span><\/div>\n<div dir=\"ltr\"><\/div>\n<div dir=\"ltr\"><strong>Entradas a la venta<\/strong><\/div>\n<div dir=\"ltr\"><\/div>\n<div class=\"lRu31\" dir=\"ltr\"><span class=\"HwtZe\" lang=\"es\"><span class=\"jCAhz\"><span class=\"ryNqvb\"><a href=\"https:\/\/www.auditori.cat\/ca\/esdeveniment\/concert-solidari-christmas-for-a-new-life\/\">Las entradas para asistir al concierto est\u00e1n ya a la venta en este enlace<\/a>. <\/span><\/span><\/span><\/div>\n<div dir=\"ltr\"><\/div>\n<div dir=\"ltr\"><strong>Quiero colaborar con este proyecto para hacer frente al Alzheimer y al envejecimiento<\/strong><\/div>\n<div dir=\"ltr\"><\/div>\n<div class=\"lRu31\" dir=\"ltr\">\n<p><span class=\"HwtZe\" lang=\"es\"><span class=\"jCAhz\"><span class=\"ryNqvb\">En paralelo, tambi\u00e9n se pueden realizar donativos que ir\u00e1n destinados \u00edntegramente a este proyecto por frente al Alzheimer y el envejecimiento, <a href=\"https:\/\/www.stockcrowd.com\/embedded-83c8e9ba-7624-4713-8d81-0cdbaefba0e2\">haciendo clic a este enlace<\/a>.<\/span><\/span><\/span><\/p>\n<div class=\"OvtS8d\"><\/div>\n<div id=\"ow15\"><\/div>\n<\/div>\n<div class=\"UdTY9 WdefRb\" aria-hidden=\"true\" data-location=\"2\">\n<div class=\"kO6q6e\"><\/div>\n<\/div>\n<div class=\"XL3Kf XExWNc\">\n<div class=\"a8FIud X0rvP\">\n<div data-show-delay-ms=\"250\" data-append-to-body=\"false\" data-propagate-tooltip-mouseover-events=\"true\" data-anchor-corner=\"bottom-end\" data-enable-skip-handler=\"false\" data-popup-corner=\"top-end\">\n<div class=\"dig2sb\"><\/div>\n<\/div>\n<\/div>\n<\/div>\n<div class=\"XL3Kf XExWNc\">\n<div class=\"a8FIud X0rvP\">\n<div data-show-delay-ms=\"250\" data-append-to-body=\"false\" data-propagate-tooltip-mouseover-events=\"true\" data-anchor-corner=\"bottom-end\" data-enable-skip-handler=\"false\" data-popup-corner=\"top-end\"><\/div>\n<\/div>\n<\/div>\n<div class=\"ebT7ne VOLvac sMVRZe\">\n<div class=\"F0pQVc\"><\/div>\n<\/div>\n<div class=\"VO9ucd\">\n<div class=\"aJIq1d\" dir=\"ltr\" data-language-code=\"es\" data-language-name=\"castell\u00e0\" data-text=\"La Fundaci\u00f3n Lucha contra las Infecciones y la Fundaci\u00f3n Metalquimia impulsan el concierto solidario \u201cChristmas for a new life. Abrimos un nuevo horizonte para el Alzheimer y el envejecimiento\u00bb para combatir esta enfermedad. El concierto ofrecer\u00e1 un viaje por todo el mundo a trav\u00e9s de las melod\u00edas navide\u00f1as m\u00e1s emotivas de todos los tiempos. La Sinf\u00f3nica de Cobla y Corda de Catalunya contar\u00e1 con la colaboraci\u00f3n de los solistas Elena Gadel, Miki N\u00fa\u00f1ez, Beth, Mariona Escoda, La Pau y Joan Garrido, adem\u00e1s de la Coral Polif\u00f3nica de Puig-reig. Conjuntamente, interpretar\u00e1n una selecci\u00f3n de grandes canciones de Navidad de todos los tiempos y de todos los or\u00edgenes, adaptadas a la sonoridad de la Sinf\u00f3nica de Cobla y Corda de Catalunya, con piezas que van desde la m\u00fasica medieval de Greensleeves hasta las conocidas piezas de Ed Sheeran, Elton John o Mariah Carey. Tambi\u00e9n contar\u00e1 con una pieza de encargo, compuesta por la cantante Beth Rodergas y Adri\u00e0 Barbosa. El proyecto ha recibido el Premio Enderrock al mejor disco de Cl\u00e1sica de 2023 por votaci\u00f3n popular. Diferentes instituciones suman su conocimiento cient\u00edfico para combatir el Alzheimer La enfermedad de Alzheimer es la causa m\u00e1s com\u00fan de demencia con una expectativa proyectada para convertirse en el principal reto de las personas mayores, y se prev\u00e9 que los casos aumenten aproximadamente 3 veces en los pr\u00f3ximos 40 a\u00f1os y lleguen a m\u00e1s de 150 millones en el 2050. De hecho, es una enfermedad que desgraciadamente y pese a a\u00f1os de investigaci\u00f3n, todav\u00eda no tiene cuidado. Sin embargo, ahora se est\u00e1 explorando una soluci\u00f3n innovadora que ha mostrado eficacia en estudios con animales: la acci\u00f3n de un f\u00e1rmaco antiviral de bajo coste que puede revolucionar el tratamiento del Alzheimer y de los efectos del envejecimiento. Por eso, un grupo de instituciones l\u00edderes en investigaci\u00f3n cient\u00edfica como son la Fundaci\u00f3n Lucha contra las Infecciones, el IrsiCaixa, el Hospital Germans Trias, el Barcelona\u03b2eta de la Fundaci\u00f3n Pasqual Maragall y el Centro de Regulaci\u00f3n Gen\u00f3mica unen sus conocimientos para trasladar esta esperanzadora propuesta a los humanos. Las entradas para asistir al concierto est\u00e1n ya a la venta en este enlace. En paralelo, tambi\u00e9n se pueden realizar donativos que ir\u00e1n destinados \u00edntegramente a este proyecto por frente al Alzheimer y el envejecimiento, clicando este enlace.\" data-crosslingual-hint=\"\" data-location=\"2\" data-enable-toggle-playback-speed=\"true\" data-results-count=\"1\" data-result-index=\"1\">\n<div class=\"m0Qfkd\"><\/div>\n<\/div>\n<\/div>\n<div><\/div>\n<div class=\"AxqVh\">\n<div class=\"OPPzxe\">\n<div class=\"QcsUad BDJ8fb BLojaf sMVRZe hCXDsb wneUed\">\n<div class=\"usGWQd\">\n<div class=\"KkbLmb\">\n<div class=\"VO9ucd\">\n<div class=\"YJGJsb\"><\/div>\n<\/div>\n<\/div>\n<\/div>\n<\/div>\n<\/div>\n<\/div>\n<div class=\"HWmS8\">\n<div class=\"kGmWO\"><\/div>\n<div class=\"OwOEge\">\n<div class=\"cJ1Ndf\"><\/div>\n<\/div>\n<\/div>\n","protected":false},"excerpt":{"rendered":"<p>La Fundaci\u00f3n Lucha contra las Infecciones y la Fundaci\u00f3n Metalquimia impulsan el concierto solidario \u201cChristmas for a new life. Abrimos un nuevo horizonte para el Alzheimer y el envejecimiento\u00bb para combatir esta enfermedad. El concierto ofrecer\u00e1 un viaje por todo el mundo a trav\u00e9s de las melod\u00edas navide\u00f1as m\u00e1s emotivas de todos los tiempos. La [&hellip;]<\/p>\n","protected":false},"author":3,"featured_media":23810,"comment_status":"closed","ping_status":"closed","sticky":false,"template":"","format":"standard","meta":{"_acf_changed":false,"footnotes":""},"categories":[3,125],"class_list":["post-23809","post","type-post","status-publish","format-standard","has-post-thumbnail","hentry","category-otros","category-solidaridad"],"acf":[],"yoast_head":"<!-- This site is optimized with the Yoast SEO Premium plugin v27.4 (Yoast SEO v27.5) - https:\/\/yoast.com\/product\/yoast-seo-premium-wordpress\/ -->\n<title>Concierto solidario &quot;Christmas for a new life&quot; para combatir el Alzheimer con un f\u00e1rmaco antiviral - Fundaci\u00f3 Lluita contra les Infeccions<\/title>\n<meta name=\"robots\" content=\"index, follow, max-snippet:-1, max-image-preview:large, max-video-preview:-1\" \/>\n<link rel=\"canonical\" href=\"https:\/\/lluita.org\/es\/concert-solidari-christmas-for-a-new-life-per-combatre-lalzheimer\/\" \/>\n<meta property=\"og:locale\" content=\"es_ES\" \/>\n<meta property=\"og:type\" content=\"article\" \/>\n<meta property=\"og:title\" content=\"Concierto solidario &quot;Christmas for a new life&quot; para combatir el Alzheimer con un f\u00e1rmaco antiviral\" \/>\n<meta property=\"og:description\" content=\"La Fundaci\u00f3n Lucha contra las Infecciones y la Fundaci\u00f3n Metalquimia impulsan el concierto solidario \u201cChristmas for a new life. Abrimos un nuevo horizonte para el Alzheimer y el envejecimiento\u00bb para combatir esta enfermedad. El concierto ofrecer\u00e1 un viaje por todo el mundo a trav\u00e9s de las melod\u00edas navide\u00f1as m\u00e1s emotivas de todos los tiempos. La [&hellip;]\" \/>\n<meta property=\"og:url\" content=\"https:\/\/lluita.org\/es\/concert-solidari-christmas-for-a-new-life-per-combatre-lalzheimer\/\" \/>\n<meta property=\"og:site_name\" content=\"Fundaci\u00f3 Lluita contra les Infeccions\" \/>\n<meta property=\"article:published_time\" content=\"2024-09-20T13:04:40+00:00\" \/>\n<meta property=\"article:modified_time\" content=\"2024-09-20T14:24:48+00:00\" \/>\n<meta property=\"og:image\" content=\"https:\/\/lluita.org\/custom\/uploads\/2024\/09\/simfonica-1024x484.png\" \/>\n\t<meta property=\"og:image:width\" content=\"1024\" \/>\n\t<meta property=\"og:image:height\" content=\"484\" \/>\n\t<meta property=\"og:image:type\" content=\"image\/png\" \/>\n<meta name=\"author\" content=\"Marta Rodriguez\" \/>\n<meta name=\"twitter:card\" content=\"summary_large_image\" \/>\n<meta name=\"twitter:label1\" content=\"Escrito por\" \/>\n\t<meta name=\"twitter:data1\" content=\"Marta Rodriguez\" \/>\n\t<meta name=\"twitter:label2\" content=\"Tiempo de lectura\" \/>\n\t<meta name=\"twitter:data2\" content=\"3 minutos\" \/>\n<script type=\"application\/ld+json\" class=\"yoast-schema-graph\">{\"@context\":\"https:\\\/\\\/schema.org\",\"@graph\":[{\"@type\":\"Article\",\"@id\":\"https:\\\/\\\/lluita.org\\\/es\\\/concert-solidari-christmas-for-a-new-life-per-combatre-lalzheimer\\\/#article\",\"isPartOf\":{\"@id\":\"https:\\\/\\\/lluita.org\\\/es\\\/concert-solidari-christmas-for-a-new-life-per-combatre-lalzheimer\\\/\"},\"author\":{\"name\":\"Marta Rodriguez\",\"@id\":\"https:\\\/\\\/lluita.org\\\/#\\\/schema\\\/person\\\/33335fd0597aa3cc324e8b520d25eced\"},\"headline\":\"Concierto solidario \u00abChristmas for a new life\u00bb para combatir el Alzheimer con un f\u00e1rmaco antiviral\",\"datePublished\":\"2024-09-20T13:04:40+00:00\",\"dateModified\":\"2024-09-20T14:24:48+00:00\",\"mainEntityOfPage\":{\"@id\":\"https:\\\/\\\/lluita.org\\\/es\\\/concert-solidari-christmas-for-a-new-life-per-combatre-lalzheimer\\\/\"},\"wordCount\":444,\"image\":{\"@id\":\"https:\\\/\\\/lluita.org\\\/es\\\/concert-solidari-christmas-for-a-new-life-per-combatre-lalzheimer\\\/#primaryimage\"},\"thumbnailUrl\":\"https:\\\/\\\/lluita.org\\\/custom\\\/uploads\\\/2024\\\/09\\\/simfonica.png\",\"articleSection\":[\"Otros\",\"Solidaridad\"],\"inLanguage\":\"es\"},{\"@type\":\"WebPage\",\"@id\":\"https:\\\/\\\/lluita.org\\\/es\\\/concert-solidari-christmas-for-a-new-life-per-combatre-lalzheimer\\\/\",\"url\":\"https:\\\/\\\/lluita.org\\\/es\\\/concert-solidari-christmas-for-a-new-life-per-combatre-lalzheimer\\\/\",\"name\":\"Concierto solidario \\\"Christmas for a new life\\\" para combatir el Alzheimer con un f\u00e1rmaco antiviral - Fundaci\u00f3 Lluita contra les Infeccions\",\"isPartOf\":{\"@id\":\"https:\\\/\\\/lluita.org\\\/#website\"},\"primaryImageOfPage\":{\"@id\":\"https:\\\/\\\/lluita.org\\\/es\\\/concert-solidari-christmas-for-a-new-life-per-combatre-lalzheimer\\\/#primaryimage\"},\"image\":{\"@id\":\"https:\\\/\\\/lluita.org\\\/es\\\/concert-solidari-christmas-for-a-new-life-per-combatre-lalzheimer\\\/#primaryimage\"},\"thumbnailUrl\":\"https:\\\/\\\/lluita.org\\\/custom\\\/uploads\\\/2024\\\/09\\\/simfonica.png\",\"datePublished\":\"2024-09-20T13:04:40+00:00\",\"dateModified\":\"2024-09-20T14:24:48+00:00\",\"author\":{\"@id\":\"https:\\\/\\\/lluita.org\\\/#\\\/schema\\\/person\\\/33335fd0597aa3cc324e8b520d25eced\"},\"breadcrumb\":{\"@id\":\"https:\\\/\\\/lluita.org\\\/es\\\/concert-solidari-christmas-for-a-new-life-per-combatre-lalzheimer\\\/#breadcrumb\"},\"inLanguage\":\"es\",\"potentialAction\":[{\"@type\":\"ReadAction\",\"target\":[\"https:\\\/\\\/lluita.org\\\/es\\\/concert-solidari-christmas-for-a-new-life-per-combatre-lalzheimer\\\/\"]}]},{\"@type\":\"ImageObject\",\"inLanguage\":\"es\",\"@id\":\"https:\\\/\\\/lluita.org\\\/es\\\/concert-solidari-christmas-for-a-new-life-per-combatre-lalzheimer\\\/#primaryimage\",\"url\":\"https:\\\/\\\/lluita.org\\\/custom\\\/uploads\\\/2024\\\/09\\\/simfonica.png\",\"contentUrl\":\"https:\\\/\\\/lluita.org\\\/custom\\\/uploads\\\/2024\\\/09\\\/simfonica.png\",\"width\":1800,\"height\":850},{\"@type\":\"BreadcrumbList\",\"@id\":\"https:\\\/\\\/lluita.org\\\/es\\\/concert-solidari-christmas-for-a-new-life-per-combatre-lalzheimer\\\/#breadcrumb\",\"itemListElement\":[{\"@type\":\"ListItem\",\"position\":1,\"name\":\"Inici\",\"item\":\"https:\\\/\\\/lluita.org\\\/es\\\/\"},{\"@type\":\"ListItem\",\"position\":2,\"name\":\"Concierto solidario &#8220;Christmas for a new life&#8221; para combatir el Alzheimer con un f\u00e1rmaco antiviral\"}]},{\"@type\":\"WebSite\",\"@id\":\"https:\\\/\\\/lluita.org\\\/#website\",\"url\":\"https:\\\/\\\/lluita.org\\\/\",\"name\":\"Fundaci\u00f3 Lluita contra les Infeccions\",\"description\":\"\",\"potentialAction\":[{\"@type\":\"SearchAction\",\"target\":{\"@type\":\"EntryPoint\",\"urlTemplate\":\"https:\\\/\\\/lluita.org\\\/?s={search_term_string}\"},\"query-input\":{\"@type\":\"PropertyValueSpecification\",\"valueRequired\":true,\"valueName\":\"search_term_string\"}}],\"inLanguage\":\"es\"},{\"@type\":\"Person\",\"@id\":\"https:\\\/\\\/lluita.org\\\/#\\\/schema\\\/person\\\/33335fd0597aa3cc324e8b520d25eced\",\"name\":\"Marta Rodriguez\",\"image\":{\"@type\":\"ImageObject\",\"inLanguage\":\"es\",\"@id\":\"https:\\\/\\\/secure.gravatar.com\\\/avatar\\\/a6b119cbae43b329ad19d1889130bcf7e6567ba0ec896ae9cb1848863b6dabdd?s=96&d=mm&r=g\",\"url\":\"https:\\\/\\\/secure.gravatar.com\\\/avatar\\\/a6b119cbae43b329ad19d1889130bcf7e6567ba0ec896ae9cb1848863b6dabdd?s=96&d=mm&r=g\",\"contentUrl\":\"https:\\\/\\\/secure.gravatar.com\\\/avatar\\\/a6b119cbae43b329ad19d1889130bcf7e6567ba0ec896ae9cb1848863b6dabdd?s=96&d=mm&r=g\",\"caption\":\"Marta Rodriguez\"},\"url\":\"https:\\\/\\\/lluita.org\\\/es\\\/author\\\/mrodriguez\\\/\"}]}<\/script>\n<!-- \/ Yoast SEO Premium plugin. -->","yoast_head_json":{"title":"Concierto solidario \"Christmas for a new life\" para combatir el Alzheimer con un f\u00e1rmaco antiviral - Fundaci\u00f3 Lluita contra les Infeccions","robots":{"index":"index","follow":"follow","max-snippet":"max-snippet:-1","max-image-preview":"max-image-preview:large","max-video-preview":"max-video-preview:-1"},"canonical":"https:\/\/lluita.org\/es\/concert-solidari-christmas-for-a-new-life-per-combatre-lalzheimer\/","og_locale":"es_ES","og_type":"article","og_title":"Concierto solidario \"Christmas for a new life\" para combatir el Alzheimer con un f\u00e1rmaco antiviral","og_description":"La Fundaci\u00f3n Lucha contra las Infecciones y la Fundaci\u00f3n Metalquimia impulsan el concierto solidario \u201cChristmas for a new life. Abrimos un nuevo horizonte para el Alzheimer y el envejecimiento\u00bb para combatir esta enfermedad. El concierto ofrecer\u00e1 un viaje por todo el mundo a trav\u00e9s de las melod\u00edas navide\u00f1as m\u00e1s emotivas de todos los tiempos. La [&hellip;]","og_url":"https:\/\/lluita.org\/es\/concert-solidari-christmas-for-a-new-life-per-combatre-lalzheimer\/","og_site_name":"Fundaci\u00f3 Lluita contra les Infeccions","article_published_time":"2024-09-20T13:04:40+00:00","article_modified_time":"2024-09-20T14:24:48+00:00","og_image":[{"width":1024,"height":484,"url":"https:\/\/lluita.org\/custom\/uploads\/2024\/09\/simfonica-1024x484.png","type":"image\/png"}],"author":"Marta Rodriguez","twitter_card":"summary_large_image","twitter_misc":{"Escrito por":"Marta Rodriguez","Tiempo de lectura":"3 minutos"},"schema":{"@context":"https:\/\/schema.org","@graph":[{"@type":"Article","@id":"https:\/\/lluita.org\/es\/concert-solidari-christmas-for-a-new-life-per-combatre-lalzheimer\/#article","isPartOf":{"@id":"https:\/\/lluita.org\/es\/concert-solidari-christmas-for-a-new-life-per-combatre-lalzheimer\/"},"author":{"name":"Marta Rodriguez","@id":"https:\/\/lluita.org\/#\/schema\/person\/33335fd0597aa3cc324e8b520d25eced"},"headline":"Concierto solidario \u00abChristmas for a new life\u00bb para combatir el Alzheimer con un f\u00e1rmaco antiviral","datePublished":"2024-09-20T13:04:40+00:00","dateModified":"2024-09-20T14:24:48+00:00","mainEntityOfPage":{"@id":"https:\/\/lluita.org\/es\/concert-solidari-christmas-for-a-new-life-per-combatre-lalzheimer\/"},"wordCount":444,"image":{"@id":"https:\/\/lluita.org\/es\/concert-solidari-christmas-for-a-new-life-per-combatre-lalzheimer\/#primaryimage"},"thumbnailUrl":"https:\/\/lluita.org\/custom\/uploads\/2024\/09\/simfonica.png","articleSection":["Otros","Solidaridad"],"inLanguage":"es"},{"@type":"WebPage","@id":"https:\/\/lluita.org\/es\/concert-solidari-christmas-for-a-new-life-per-combatre-lalzheimer\/","url":"https:\/\/lluita.org\/es\/concert-solidari-christmas-for-a-new-life-per-combatre-lalzheimer\/","name":"Concierto solidario \"Christmas for a new life\" para combatir el Alzheimer con un f\u00e1rmaco antiviral - Fundaci\u00f3 Lluita contra les Infeccions","isPartOf":{"@id":"https:\/\/lluita.org\/#website"},"primaryImageOfPage":{"@id":"https:\/\/lluita.org\/es\/concert-solidari-christmas-for-a-new-life-per-combatre-lalzheimer\/#primaryimage"},"image":{"@id":"https:\/\/lluita.org\/es\/concert-solidari-christmas-for-a-new-life-per-combatre-lalzheimer\/#primaryimage"},"thumbnailUrl":"https:\/\/lluita.org\/custom\/uploads\/2024\/09\/simfonica.png","datePublished":"2024-09-20T13:04:40+00:00","dateModified":"2024-09-20T14:24:48+00:00","author":{"@id":"https:\/\/lluita.org\/#\/schema\/person\/33335fd0597aa3cc324e8b520d25eced"},"breadcrumb":{"@id":"https:\/\/lluita.org\/es\/concert-solidari-christmas-for-a-new-life-per-combatre-lalzheimer\/#breadcrumb"},"inLanguage":"es","potentialAction":[{"@type":"ReadAction","target":["https:\/\/lluita.org\/es\/concert-solidari-christmas-for-a-new-life-per-combatre-lalzheimer\/"]}]},{"@type":"ImageObject","inLanguage":"es","@id":"https:\/\/lluita.org\/es\/concert-solidari-christmas-for-a-new-life-per-combatre-lalzheimer\/#primaryimage","url":"https:\/\/lluita.org\/custom\/uploads\/2024\/09\/simfonica.png","contentUrl":"https:\/\/lluita.org\/custom\/uploads\/2024\/09\/simfonica.png","width":1800,"height":850},{"@type":"BreadcrumbList","@id":"https:\/\/lluita.org\/es\/concert-solidari-christmas-for-a-new-life-per-combatre-lalzheimer\/#breadcrumb","itemListElement":[{"@type":"ListItem","position":1,"name":"Inici","item":"https:\/\/lluita.org\/es\/"},{"@type":"ListItem","position":2,"name":"Concierto solidario &#8220;Christmas for a new life&#8221; para combatir el Alzheimer con un f\u00e1rmaco antiviral"}]},{"@type":"WebSite","@id":"https:\/\/lluita.org\/#website","url":"https:\/\/lluita.org\/","name":"Fundaci\u00f3 Lluita contra les Infeccions","description":"","potentialAction":[{"@type":"SearchAction","target":{"@type":"EntryPoint","urlTemplate":"https:\/\/lluita.org\/?s={search_term_string}"},"query-input":{"@type":"PropertyValueSpecification","valueRequired":true,"valueName":"search_term_string"}}],"inLanguage":"es"},{"@type":"Person","@id":"https:\/\/lluita.org\/#\/schema\/person\/33335fd0597aa3cc324e8b520d25eced","name":"Marta Rodriguez","image":{"@type":"ImageObject","inLanguage":"es","@id":"https:\/\/secure.gravatar.com\/avatar\/a6b119cbae43b329ad19d1889130bcf7e6567ba0ec896ae9cb1848863b6dabdd?s=96&d=mm&r=g","url":"https:\/\/secure.gravatar.com\/avatar\/a6b119cbae43b329ad19d1889130bcf7e6567ba0ec896ae9cb1848863b6dabdd?s=96&d=mm&r=g","contentUrl":"https:\/\/secure.gravatar.com\/avatar\/a6b119cbae43b329ad19d1889130bcf7e6567ba0ec896ae9cb1848863b6dabdd?s=96&d=mm&r=g","caption":"Marta Rodriguez"},"url":"https:\/\/lluita.org\/es\/author\/mrodriguez\/"}]}},"_links":{"self":[{"href":"https:\/\/lluita.org\/es\/wp-json\/wp\/v2\/posts\/23809","targetHints":{"allow":["GET"]}}],"collection":[{"href":"https:\/\/lluita.org\/es\/wp-json\/wp\/v2\/posts"}],"about":[{"href":"https:\/\/lluita.org\/es\/wp-json\/wp\/v2\/types\/post"}],"author":[{"embeddable":true,"href":"https:\/\/lluita.org\/es\/wp-json\/wp\/v2\/users\/3"}],"replies":[{"embeddable":true,"href":"https:\/\/lluita.org\/es\/wp-json\/wp\/v2\/comments?post=23809"}],"version-history":[{"count":5,"href":"https:\/\/lluita.org\/es\/wp-json\/wp\/v2\/posts\/23809\/revisions"}],"predecessor-version":[{"id":23824,"href":"https:\/\/lluita.org\/es\/wp-json\/wp\/v2\/posts\/23809\/revisions\/23824"}],"wp:featuredmedia":[{"embeddable":true,"href":"https:\/\/lluita.org\/es\/wp-json\/wp\/v2\/media\/23810"}],"wp:attachment":[{"href":"https:\/\/lluita.org\/es\/wp-json\/wp\/v2\/media?parent=23809"}],"wp:term":[{"taxonomy":"category","embeddable":true,"href":"https:\/\/lluita.org\/es\/wp-json\/wp\/v2\/categories?post=23809"}],"curies":[{"name":"wp","href":"https:\/\/api.w.org\/{rel}","templated":true}]}}