{"id":24124,"date":"2024-11-22T09:22:13","date_gmt":"2024-11-22T09:22:13","guid":{"rendered":"https:\/\/lluita.org\/la-marato-de-tv3-financara-un-projecte-sobre-la-prevencio-el-diagnostic-precoc-i-la-gestio-de-les-its-entre-els-joves-de-catalunya\/"},"modified":"2024-11-25T10:10:41","modified_gmt":"2024-11-25T10:10:41","slug":"mejoras-en-la-comunicacion-de-las-its-entre-jovenes-de-cataluna","status":"publish","type":"post","link":"https:\/\/lluita.org\/es\/mejoras-en-la-comunicacion-de-las-its-entre-jovenes-de-cataluna\/","title":{"rendered":"La Marat\u00f3 de TV3 financiar\u00e1 un proyecto sobre la prevenci\u00f3n, el diagn\u00f3stico precoz y la gesti\u00f3n de las ITS entre los j\u00f3venes de Catalunya"},"content":{"rendered":"<p><span class=\"HwtZe\" lang=\"es\"><span class=\"jCAhz ChMk0b\"><span class=\"ryNqvb\">La <a href=\"https:\/\/www.3cat.cat\/tv3\/marato\/es\/projectes-financats\/2023\/2990\/\">Marat\u00f3 de TV3 del a\u00f1o 2023<\/a>, centrada en la salud sexual y reproductiva, ha concedido una beca para impulsar un proyecto innovador que pretende romper barreras en la concienciaci\u00f3n, diagn\u00f3stico, tratamiento y notificaci\u00f3n de las ITS entre los j\u00f3venes de Catalu\u00f1a.<\/span><\/span><\/span><\/p>\n<p><span class=\"HwtZe\" lang=\"es\"><span class=\"jCAhz ChMk0b\"><span class=\"ryNqvb\">El proyecto est\u00e1 liderado por la <strong>Dra.<\/strong><\/span><\/span> <span class=\"jCAhz ChMk0b\"><span class=\"ryNqvb\"><strong>Cristina Agust\u00ed<\/strong>, del CEEISCAT del <a href=\"https:\/\/www.germanstrias.org\/es\/\">Instituto de Investigaci\u00f3n Germans Trias i Pujol (IGTP)<\/a>, en el que<\/span><\/span><span class=\"jCAhz\"><span class=\"ryNqvb\"> participan la <strong>Dra.<\/strong><\/span><\/span> <span class=\"jCAhz ChMk0b\"><span class=\"ryNqvb\"><strong>Cristina Rius<\/strong>, jefa del grupo de investigaci\u00f3n de Enfermedades Transmisibles del <a href=\"https:\/\/www.recercasantpau.cat\/es\/\">IR Sant Pau<\/a> y las doctoras <strong>Beatriz Mothe<\/strong>, <strong>Luc\u00eda Bail\u00f3n<\/strong> y <strong>Susana Mu\u00f1oz<\/strong> investigadoras de la <a href=\"https:\/\/lluita.org\/es\/?swcfpc=1\">Fundaci\u00f3n Lucha contra las Infecciones<\/a> y m\u00e9dicas del <a href=\"https:\/\/hospitalgermanstrias.cat\/web\/guest\/inicio\">Hospital Germans Trias<\/a>.<\/span><\/span><\/span><\/p>\n<p><span class=\"HwtZe\" lang=\"es\"><span class=\"jCAhz ChMk0b\"><span class=\"ryNqvb\">Este esfuerzo colaborativo busca generar un cambio real en la salud sexual de la juventud catalana<\/span><\/span><\/span>.<\/p>\n<p><strong><span class=\"HwtZe\" lang=\"es\"><span class=\"jCAhz ChMk0b\"><span class=\"ryNqvb\">Mejora de la salud sexual de los j\u00f3venes<\/span><\/span><\/span><\/strong><\/p>\n<p><span class=\"HwtZe\" lang=\"es\"><span class=\"jCAhz ChMk0b\"><span class=\"ryNqvb\">El proyecto quiere facilitar a los j\u00f3venes herramientas para entender y cuidar su salud sexual.<\/span><\/span> <span class=\"jCAhz ChMk0b\"><span class=\"ryNqvb\">A trav\u00e9s de nuevas plataformas digitales, el objetivo es ayudarles a conocer mejor las infecciones de transmisi\u00f3n sexual (ITS), la importancia de realizar pruebas y los tratamientos disponibles, adapt\u00e1ndose a las necesidades espec\u00edficas de chicos y chicas<\/span><\/span><\/span>.<\/p>\n<p><strong>TESTA\u2019T: <span class=\"HwtZe\" lang=\"es\"><span class=\"jCAhz ChMk0b\"><span class=\"ryNqvb\">Hazte las pruebas de ITS<\/span><\/span><\/span><br \/>\n<\/strong><\/p>\n<p><span class=\"HwtZe\" lang=\"es\"><span class=\"jCAhz ChMk0b\"><span class=\"ryNqvb\">La primera fase del programa, TESTA&#8217;T, se basa en una plataforma online que permite a los j\u00f3venes controlar las ITS, especialmente el VIH, de forma aut\u00f3noma.<\/span><\/span> <span class=\"jCAhz ChMk0b\"><span class=\"ryNqvb\">El objetivo es evaluar si estas herramientas digitales pueden promover que m\u00e1s personas, especialmente aquellas que nunca han realizado pruebas, empiecen a hacerse controles<\/span><\/span><\/span>.<\/p>\n<div id=\"attachment_24118\" style=\"width: 1034px\" class=\"wp-caption aligncenter\"><img loading=\"lazy\" decoding=\"async\" aria-describedby=\"caption-attachment-24118\" class=\"wp-image-24118 size-large\" src=\"https:\/\/lluita.org\/custom\/uploads\/2024\/11\/la_marato_03-1024x484.png\" alt=\"Beca La Marat\u00f3 TV3: ITS i salut reproductiva\" width=\"1024\" height=\"484\" srcset=\"https:\/\/lluita.org\/custom\/uploads\/2024\/11\/la_marato_03-1024x484.png 1024w, https:\/\/lluita.org\/custom\/uploads\/2024\/11\/la_marato_03-300x142.png 300w, https:\/\/lluita.org\/custom\/uploads\/2024\/11\/la_marato_03-768x363.png 768w, https:\/\/lluita.org\/custom\/uploads\/2024\/11\/la_marato_03-1536x725.png 1536w, https:\/\/lluita.org\/custom\/uploads\/2024\/11\/la_marato_03.png 1800w\" sizes=\"auto, (max-width: 1024px) 100vw, 1024px\" \/><p id=\"caption-attachment-24118\" class=\"wp-caption-text\">La Dra. Luc\u00eda Bail\u00f3n recibiendo la beca de La Marat\u00f3 de TV3 &#8211; Salut Sexual i Reproductiva<\/p><\/div>\n<p><strong>iCoNNECTA: <span class=\"HwtZe\" lang=\"es\"><span class=\"jCAhz ChMk0b\"><span class=\"ryNqvb\">Informar a las parejas sexuales de forma an\u00f3nima<\/span><\/span><\/span><br \/>\n<\/strong><\/p>\n<p><span class=\"HwtZe\" lang=\"es\"><span class=\"jCAhz ChMk0b\"><span class=\"ryNqvb\">La segunda fase, iCoNNECTA, ofrece una herramienta online para ayudar a los usuarios a comunicarse con sus parejas sexuales de forma an\u00f3nima si han sido diagnosticados con una ITS La herramienta utiliza un lenguaje sencillo y respetuoso, independientemente del g\u00e9nero, y<\/span><\/span> <span class=\"jCAhz ChMk0b\"><span class=\"ryNqvb\">pretende fomentar conversaciones abiertas sobre salud sexual<\/span><\/span><\/span>.<\/p>\n<p><strong>ChatBot-AI: Una gu\u00eda digital inclusiva<\/strong><\/p>\n<p><span class=\"HwtZe\" lang=\"es\"><span class=\"jCAhz ChMk0b\"><span class=\"ryNqvb\">La tercera rama del proyecto incluye el desarrollo de un ChatBot basado en inteligencia artificial, que proporciona informaci\u00f3n clara sobre la prevenci\u00f3n de las ITS, con especial \u00e9nfasis en el VIH.<\/span><\/span> <span class=\"jCAhz ChMk0b\"><span class=\"ryNqvb\">Esta herramienta est\u00e1 dise\u00f1ada especialmente para los j\u00f3venes, asegurando que sea inclusiva y adaptada a todo el mundo<\/span><\/span><\/span>.<\/p>\n<p><strong>Un objetivo claro<\/strong><\/p>\n<p><span class=\"HwtZe\" lang=\"es\"><span class=\"jCAhz ChMk0b\"><span class=\"ryNqvb\">El prop\u00f3sito principal de este proyecto es ofrecer informaci\u00f3n y servicios accesibles, comprensibles y libres de estigma, para que los j\u00f3venes puedan gestionar su salud sexual con confianza y sin tab\u00faes.<\/span><\/span> <span class=\"jCAhz ChMk0b\"><span class=\"ryNqvb\">Si el proyecto tiene \u00e9xito, ser\u00e1 un importante paso hacia una sociedad m\u00e1s informada, sana e inclusiva<\/span><\/span><\/span>.<\/p>\n<p><span class=\"HwtZe\" lang=\"es\"><span class=\"jCAhz ChMk0b\"><span class=\"ryNqvb\">La <strong>Dra. Luc\u00eda Bail\u00f3n<\/strong>, investigadora de la Fundaci\u00f3n Lucha contra las Infecciones y m\u00e9dica del Hospital Germans Trias, quien ha participado de forma activa en el proyecto, resalta que estas herramientas digitales representan un compromiso firme para romper barreras y asegurar que ning\u00fan joven<\/span><\/span> <span class=\"jCAhz ChMk0b\"><span class=\"ryNqvb\">se sienta excluido o confundido a la hora de cuidar su salud sexual<\/span><\/span><\/span>.<\/p>\n","protected":false},"excerpt":{"rendered":"<p>La Marat\u00f3 de TV3 del a\u00f1o 2023, centrada en la salud sexual y reproductiva, ha concedido una beca para impulsar un proyecto innovador que pretende romper barreras en la concienciaci\u00f3n, diagn\u00f3stico, tratamiento y notificaci\u00f3n de las ITS entre los j\u00f3venes de Catalu\u00f1a. El proyecto est\u00e1 liderado por la Dra. Cristina Agust\u00ed, del CEEISCAT del Instituto [&hellip;]<\/p>\n","protected":false},"author":3,"featured_media":24117,"comment_status":"closed","ping_status":"closed","sticky":false,"template":"","format":"standard","meta":{"_acf_changed":false,"footnotes":""},"categories":[19,20],"class_list":["post-24124","post","type-post","status-publish","format-standard","has-post-thumbnail","hentry","category-vih-es","category-its-es"],"acf":[],"yoast_head":"<!-- This site is optimized with the Yoast SEO Premium plugin v27.4 (Yoast SEO v27.5) - https:\/\/yoast.com\/product\/yoast-seo-premium-wordpress\/ -->\n<title>La Marat\u00f3 de TV3 financiar\u00e1 un proyecto sobre la prevenci\u00f3n, el diagn\u00f3stico precoz y la gesti\u00f3n de las ITS entre los j\u00f3venes de Catalunya - Fundaci\u00f3 Lluita contra les Infeccions<\/title>\n<meta name=\"description\" content=\"La Marat\u00f3 de TV3 de l\u2019any 2023, centrada en la salut sexual i reproductiva, ha concedit una beca per impulsar un projecte innovador que pret\u00e9n trencar barreres en la conscienciaci\u00f3, diagn\u00f2stic, tractament i notificaci\u00f3 de les ITS entre els joves de Catalunya.\" \/>\n<meta name=\"robots\" content=\"index, follow, max-snippet:-1, max-image-preview:large, max-video-preview:-1\" \/>\n<link rel=\"canonical\" href=\"https:\/\/lluita.org\/es\/mejoras-en-la-comunicacion-de-las-its-entre-jovenes-de-cataluna\/\" \/>\n<meta property=\"og:locale\" content=\"es_ES\" \/>\n<meta property=\"og:type\" content=\"article\" \/>\n<meta property=\"og:title\" content=\"La Marat\u00f3 de TV3 financiar\u00e1 un proyecto sobre la prevenci\u00f3n, el diagn\u00f3stico precoz y la gesti\u00f3n de las ITS entre los j\u00f3venes de Catalunya\" \/>\n<meta property=\"og:description\" content=\"La Marat\u00f3 de TV3 de l\u2019any 2023, centrada en la salut sexual i reproductiva, ha concedit una beca per impulsar un projecte innovador que pret\u00e9n trencar barreres en la conscienciaci\u00f3, diagn\u00f2stic, tractament i notificaci\u00f3 de les ITS entre els joves de Catalunya.\" \/>\n<meta property=\"og:url\" content=\"https:\/\/lluita.org\/es\/mejoras-en-la-comunicacion-de-las-its-entre-jovenes-de-cataluna\/\" \/>\n<meta property=\"og:site_name\" content=\"Fundaci\u00f3 Lluita contra les Infeccions\" \/>\n<meta property=\"article:published_time\" content=\"2024-11-22T09:22:13+00:00\" \/>\n<meta property=\"article:modified_time\" content=\"2024-11-25T10:10:41+00:00\" \/>\n<meta property=\"og:image\" content=\"https:\/\/lluita.org\/custom\/uploads\/2024\/11\/la_marato.png\" \/>\n\t<meta property=\"og:image:width\" content=\"1800\" \/>\n\t<meta property=\"og:image:height\" content=\"850\" \/>\n\t<meta property=\"og:image:type\" content=\"image\/png\" \/>\n<meta name=\"author\" content=\"Marta Rodriguez\" \/>\n<meta name=\"twitter:card\" content=\"summary_large_image\" \/>\n<meta name=\"twitter:label1\" content=\"Escrito por\" \/>\n\t<meta name=\"twitter:data1\" content=\"Marta Rodriguez\" \/>\n\t<meta name=\"twitter:label2\" content=\"Tiempo de lectura\" \/>\n\t<meta name=\"twitter:data2\" content=\"4 minutos\" \/>\n<script type=\"application\/ld+json\" class=\"yoast-schema-graph\">{\"@context\":\"https:\\\/\\\/schema.org\",\"@graph\":[{\"@type\":\"Article\",\"@id\":\"https:\\\/\\\/lluita.org\\\/es\\\/mejoras-en-la-comunicacion-de-las-its-entre-jovenes-de-cataluna\\\/#article\",\"isPartOf\":{\"@id\":\"https:\\\/\\\/lluita.org\\\/es\\\/mejoras-en-la-comunicacion-de-las-its-entre-jovenes-de-cataluna\\\/\"},\"author\":{\"name\":\"Marta Rodriguez\",\"@id\":\"https:\\\/\\\/lluita.org\\\/#\\\/schema\\\/person\\\/33335fd0597aa3cc324e8b520d25eced\"},\"headline\":\"La Marat\u00f3 de TV3 financiar\u00e1 un proyecto sobre la prevenci\u00f3n, el diagn\u00f3stico precoz y la gesti\u00f3n de las ITS entre los j\u00f3venes de Catalunya\",\"datePublished\":\"2024-11-22T09:22:13+00:00\",\"dateModified\":\"2024-11-25T10:10:41+00:00\",\"mainEntityOfPage\":{\"@id\":\"https:\\\/\\\/lluita.org\\\/es\\\/mejoras-en-la-comunicacion-de-las-its-entre-jovenes-de-cataluna\\\/\"},\"wordCount\":552,\"image\":{\"@id\":\"https:\\\/\\\/lluita.org\\\/es\\\/mejoras-en-la-comunicacion-de-las-its-entre-jovenes-de-cataluna\\\/#primaryimage\"},\"thumbnailUrl\":\"https:\\\/\\\/lluita.org\\\/custom\\\/uploads\\\/2024\\\/11\\\/la_marato.png\",\"articleSection\":[\"VIH\",\"ITS\"],\"inLanguage\":\"es\"},{\"@type\":\"WebPage\",\"@id\":\"https:\\\/\\\/lluita.org\\\/es\\\/mejoras-en-la-comunicacion-de-las-its-entre-jovenes-de-cataluna\\\/\",\"url\":\"https:\\\/\\\/lluita.org\\\/es\\\/mejoras-en-la-comunicacion-de-las-its-entre-jovenes-de-cataluna\\\/\",\"name\":\"La Marat\u00f3 de TV3 financiar\u00e1 un proyecto sobre la prevenci\u00f3n, el diagn\u00f3stico precoz y la gesti\u00f3n de las ITS entre los j\u00f3venes de Catalunya - Fundaci\u00f3 Lluita contra les Infeccions\",\"isPartOf\":{\"@id\":\"https:\\\/\\\/lluita.org\\\/#website\"},\"primaryImageOfPage\":{\"@id\":\"https:\\\/\\\/lluita.org\\\/es\\\/mejoras-en-la-comunicacion-de-las-its-entre-jovenes-de-cataluna\\\/#primaryimage\"},\"image\":{\"@id\":\"https:\\\/\\\/lluita.org\\\/es\\\/mejoras-en-la-comunicacion-de-las-its-entre-jovenes-de-cataluna\\\/#primaryimage\"},\"thumbnailUrl\":\"https:\\\/\\\/lluita.org\\\/custom\\\/uploads\\\/2024\\\/11\\\/la_marato.png\",\"datePublished\":\"2024-11-22T09:22:13+00:00\",\"dateModified\":\"2024-11-25T10:10:41+00:00\",\"author\":{\"@id\":\"https:\\\/\\\/lluita.org\\\/#\\\/schema\\\/person\\\/33335fd0597aa3cc324e8b520d25eced\"},\"description\":\"La Marat\u00f3 de TV3 de l\u2019any 2023, centrada en la salut sexual i reproductiva, ha concedit una beca per impulsar un projecte innovador que pret\u00e9n trencar barreres en la conscienciaci\u00f3, diagn\u00f2stic, tractament i notificaci\u00f3 de les ITS entre els joves de Catalunya.\",\"breadcrumb\":{\"@id\":\"https:\\\/\\\/lluita.org\\\/es\\\/mejoras-en-la-comunicacion-de-las-its-entre-jovenes-de-cataluna\\\/#breadcrumb\"},\"inLanguage\":\"es\",\"potentialAction\":[{\"@type\":\"ReadAction\",\"target\":[\"https:\\\/\\\/lluita.org\\\/es\\\/mejoras-en-la-comunicacion-de-las-its-entre-jovenes-de-cataluna\\\/\"]}]},{\"@type\":\"ImageObject\",\"inLanguage\":\"es\",\"@id\":\"https:\\\/\\\/lluita.org\\\/es\\\/mejoras-en-la-comunicacion-de-las-its-entre-jovenes-de-cataluna\\\/#primaryimage\",\"url\":\"https:\\\/\\\/lluita.org\\\/custom\\\/uploads\\\/2024\\\/11\\\/la_marato.png\",\"contentUrl\":\"https:\\\/\\\/lluita.org\\\/custom\\\/uploads\\\/2024\\\/11\\\/la_marato.png\",\"width\":1800,\"height\":850,\"caption\":\"Beca rebuda per part de La Marat\u00f3 de TV3 2023\"},{\"@type\":\"BreadcrumbList\",\"@id\":\"https:\\\/\\\/lluita.org\\\/es\\\/mejoras-en-la-comunicacion-de-las-its-entre-jovenes-de-cataluna\\\/#breadcrumb\",\"itemListElement\":[{\"@type\":\"ListItem\",\"position\":1,\"name\":\"Inici\",\"item\":\"https:\\\/\\\/lluita.org\\\/es\\\/\"},{\"@type\":\"ListItem\",\"position\":2,\"name\":\"La Marat\u00f3 de TV3 financiar\u00e1 un proyecto sobre la prevenci\u00f3n, el diagn\u00f3stico precoz y la gesti\u00f3n de las ITS entre los j\u00f3venes de Catalunya\"}]},{\"@type\":\"WebSite\",\"@id\":\"https:\\\/\\\/lluita.org\\\/#website\",\"url\":\"https:\\\/\\\/lluita.org\\\/\",\"name\":\"Fundaci\u00f3 Lluita contra les Infeccions\",\"description\":\"\",\"potentialAction\":[{\"@type\":\"SearchAction\",\"target\":{\"@type\":\"EntryPoint\",\"urlTemplate\":\"https:\\\/\\\/lluita.org\\\/?s={search_term_string}\"},\"query-input\":{\"@type\":\"PropertyValueSpecification\",\"valueRequired\":true,\"valueName\":\"search_term_string\"}}],\"inLanguage\":\"es\"},{\"@type\":\"Person\",\"@id\":\"https:\\\/\\\/lluita.org\\\/#\\\/schema\\\/person\\\/33335fd0597aa3cc324e8b520d25eced\",\"name\":\"Marta Rodriguez\",\"image\":{\"@type\":\"ImageObject\",\"inLanguage\":\"es\",\"@id\":\"https:\\\/\\\/secure.gravatar.com\\\/avatar\\\/a6b119cbae43b329ad19d1889130bcf7e6567ba0ec896ae9cb1848863b6dabdd?s=96&d=mm&r=g\",\"url\":\"https:\\\/\\\/secure.gravatar.com\\\/avatar\\\/a6b119cbae43b329ad19d1889130bcf7e6567ba0ec896ae9cb1848863b6dabdd?s=96&d=mm&r=g\",\"contentUrl\":\"https:\\\/\\\/secure.gravatar.com\\\/avatar\\\/a6b119cbae43b329ad19d1889130bcf7e6567ba0ec896ae9cb1848863b6dabdd?s=96&d=mm&r=g\",\"caption\":\"Marta Rodriguez\"},\"url\":\"https:\\\/\\\/lluita.org\\\/es\\\/author\\\/mrodriguez\\\/\"}]}<\/script>\n<!-- \/ Yoast SEO Premium plugin. -->","yoast_head_json":{"title":"La Marat\u00f3 de TV3 financiar\u00e1 un proyecto sobre la prevenci\u00f3n, el diagn\u00f3stico precoz y la gesti\u00f3n de las ITS entre los j\u00f3venes de Catalunya - Fundaci\u00f3 Lluita contra les Infeccions","description":"La Marat\u00f3 de TV3 de l\u2019any 2023, centrada en la salut sexual i reproductiva, ha concedit una beca per impulsar un projecte innovador que pret\u00e9n trencar barreres en la conscienciaci\u00f3, diagn\u00f2stic, tractament i notificaci\u00f3 de les ITS entre els joves de Catalunya.","robots":{"index":"index","follow":"follow","max-snippet":"max-snippet:-1","max-image-preview":"max-image-preview:large","max-video-preview":"max-video-preview:-1"},"canonical":"https:\/\/lluita.org\/es\/mejoras-en-la-comunicacion-de-las-its-entre-jovenes-de-cataluna\/","og_locale":"es_ES","og_type":"article","og_title":"La Marat\u00f3 de TV3 financiar\u00e1 un proyecto sobre la prevenci\u00f3n, el diagn\u00f3stico precoz y la gesti\u00f3n de las ITS entre los j\u00f3venes de Catalunya","og_description":"La Marat\u00f3 de TV3 de l\u2019any 2023, centrada en la salut sexual i reproductiva, ha concedit una beca per impulsar un projecte innovador que pret\u00e9n trencar barreres en la conscienciaci\u00f3, diagn\u00f2stic, tractament i notificaci\u00f3 de les ITS entre els joves de Catalunya.","og_url":"https:\/\/lluita.org\/es\/mejoras-en-la-comunicacion-de-las-its-entre-jovenes-de-cataluna\/","og_site_name":"Fundaci\u00f3 Lluita contra les Infeccions","article_published_time":"2024-11-22T09:22:13+00:00","article_modified_time":"2024-11-25T10:10:41+00:00","og_image":[{"width":1800,"height":850,"url":"https:\/\/lluita.org\/custom\/uploads\/2024\/11\/la_marato.png","type":"image\/png"}],"author":"Marta Rodriguez","twitter_card":"summary_large_image","twitter_misc":{"Escrito por":"Marta Rodriguez","Tiempo de lectura":"4 minutos"},"schema":{"@context":"https:\/\/schema.org","@graph":[{"@type":"Article","@id":"https:\/\/lluita.org\/es\/mejoras-en-la-comunicacion-de-las-its-entre-jovenes-de-cataluna\/#article","isPartOf":{"@id":"https:\/\/lluita.org\/es\/mejoras-en-la-comunicacion-de-las-its-entre-jovenes-de-cataluna\/"},"author":{"name":"Marta Rodriguez","@id":"https:\/\/lluita.org\/#\/schema\/person\/33335fd0597aa3cc324e8b520d25eced"},"headline":"La Marat\u00f3 de TV3 financiar\u00e1 un proyecto sobre la prevenci\u00f3n, el diagn\u00f3stico precoz y la gesti\u00f3n de las ITS entre los j\u00f3venes de Catalunya","datePublished":"2024-11-22T09:22:13+00:00","dateModified":"2024-11-25T10:10:41+00:00","mainEntityOfPage":{"@id":"https:\/\/lluita.org\/es\/mejoras-en-la-comunicacion-de-las-its-entre-jovenes-de-cataluna\/"},"wordCount":552,"image":{"@id":"https:\/\/lluita.org\/es\/mejoras-en-la-comunicacion-de-las-its-entre-jovenes-de-cataluna\/#primaryimage"},"thumbnailUrl":"https:\/\/lluita.org\/custom\/uploads\/2024\/11\/la_marato.png","articleSection":["VIH","ITS"],"inLanguage":"es"},{"@type":"WebPage","@id":"https:\/\/lluita.org\/es\/mejoras-en-la-comunicacion-de-las-its-entre-jovenes-de-cataluna\/","url":"https:\/\/lluita.org\/es\/mejoras-en-la-comunicacion-de-las-its-entre-jovenes-de-cataluna\/","name":"La Marat\u00f3 de TV3 financiar\u00e1 un proyecto sobre la prevenci\u00f3n, el diagn\u00f3stico precoz y la gesti\u00f3n de las ITS entre los j\u00f3venes de Catalunya - Fundaci\u00f3 Lluita contra les Infeccions","isPartOf":{"@id":"https:\/\/lluita.org\/#website"},"primaryImageOfPage":{"@id":"https:\/\/lluita.org\/es\/mejoras-en-la-comunicacion-de-las-its-entre-jovenes-de-cataluna\/#primaryimage"},"image":{"@id":"https:\/\/lluita.org\/es\/mejoras-en-la-comunicacion-de-las-its-entre-jovenes-de-cataluna\/#primaryimage"},"thumbnailUrl":"https:\/\/lluita.org\/custom\/uploads\/2024\/11\/la_marato.png","datePublished":"2024-11-22T09:22:13+00:00","dateModified":"2024-11-25T10:10:41+00:00","author":{"@id":"https:\/\/lluita.org\/#\/schema\/person\/33335fd0597aa3cc324e8b520d25eced"},"description":"La Marat\u00f3 de TV3 de l\u2019any 2023, centrada en la salut sexual i reproductiva, ha concedit una beca per impulsar un projecte innovador que pret\u00e9n trencar barreres en la conscienciaci\u00f3, diagn\u00f2stic, tractament i notificaci\u00f3 de les ITS entre els joves de Catalunya.","breadcrumb":{"@id":"https:\/\/lluita.org\/es\/mejoras-en-la-comunicacion-de-las-its-entre-jovenes-de-cataluna\/#breadcrumb"},"inLanguage":"es","potentialAction":[{"@type":"ReadAction","target":["https:\/\/lluita.org\/es\/mejoras-en-la-comunicacion-de-las-its-entre-jovenes-de-cataluna\/"]}]},{"@type":"ImageObject","inLanguage":"es","@id":"https:\/\/lluita.org\/es\/mejoras-en-la-comunicacion-de-las-its-entre-jovenes-de-cataluna\/#primaryimage","url":"https:\/\/lluita.org\/custom\/uploads\/2024\/11\/la_marato.png","contentUrl":"https:\/\/lluita.org\/custom\/uploads\/2024\/11\/la_marato.png","width":1800,"height":850,"caption":"Beca rebuda per part de La Marat\u00f3 de TV3 2023"},{"@type":"BreadcrumbList","@id":"https:\/\/lluita.org\/es\/mejoras-en-la-comunicacion-de-las-its-entre-jovenes-de-cataluna\/#breadcrumb","itemListElement":[{"@type":"ListItem","position":1,"name":"Inici","item":"https:\/\/lluita.org\/es\/"},{"@type":"ListItem","position":2,"name":"La Marat\u00f3 de TV3 financiar\u00e1 un proyecto sobre la prevenci\u00f3n, el diagn\u00f3stico precoz y la gesti\u00f3n de las ITS entre los j\u00f3venes de Catalunya"}]},{"@type":"WebSite","@id":"https:\/\/lluita.org\/#website","url":"https:\/\/lluita.org\/","name":"Fundaci\u00f3 Lluita contra les Infeccions","description":"","potentialAction":[{"@type":"SearchAction","target":{"@type":"EntryPoint","urlTemplate":"https:\/\/lluita.org\/?s={search_term_string}"},"query-input":{"@type":"PropertyValueSpecification","valueRequired":true,"valueName":"search_term_string"}}],"inLanguage":"es"},{"@type":"Person","@id":"https:\/\/lluita.org\/#\/schema\/person\/33335fd0597aa3cc324e8b520d25eced","name":"Marta Rodriguez","image":{"@type":"ImageObject","inLanguage":"es","@id":"https:\/\/secure.gravatar.com\/avatar\/a6b119cbae43b329ad19d1889130bcf7e6567ba0ec896ae9cb1848863b6dabdd?s=96&d=mm&r=g","url":"https:\/\/secure.gravatar.com\/avatar\/a6b119cbae43b329ad19d1889130bcf7e6567ba0ec896ae9cb1848863b6dabdd?s=96&d=mm&r=g","contentUrl":"https:\/\/secure.gravatar.com\/avatar\/a6b119cbae43b329ad19d1889130bcf7e6567ba0ec896ae9cb1848863b6dabdd?s=96&d=mm&r=g","caption":"Marta Rodriguez"},"url":"https:\/\/lluita.org\/es\/author\/mrodriguez\/"}]}},"_links":{"self":[{"href":"https:\/\/lluita.org\/es\/wp-json\/wp\/v2\/posts\/24124","targetHints":{"allow":["GET"]}}],"collection":[{"href":"https:\/\/lluita.org\/es\/wp-json\/wp\/v2\/posts"}],"about":[{"href":"https:\/\/lluita.org\/es\/wp-json\/wp\/v2\/types\/post"}],"author":[{"embeddable":true,"href":"https:\/\/lluita.org\/es\/wp-json\/wp\/v2\/users\/3"}],"replies":[{"embeddable":true,"href":"https:\/\/lluita.org\/es\/wp-json\/wp\/v2\/comments?post=24124"}],"version-history":[{"count":3,"href":"https:\/\/lluita.org\/es\/wp-json\/wp\/v2\/posts\/24124\/revisions"}],"predecessor-version":[{"id":24125,"href":"https:\/\/lluita.org\/es\/wp-json\/wp\/v2\/posts\/24124\/revisions\/24125"}],"wp:featuredmedia":[{"embeddable":true,"href":"https:\/\/lluita.org\/es\/wp-json\/wp\/v2\/media\/24117"}],"wp:attachment":[{"href":"https:\/\/lluita.org\/es\/wp-json\/wp\/v2\/media?parent=24124"}],"wp:term":[{"taxonomy":"category","embeddable":true,"href":"https:\/\/lluita.org\/es\/wp-json\/wp\/v2\/categories?post=24124"}],"curies":[{"name":"wp","href":"https:\/\/api.w.org\/{rel}","templated":true}]}}