{"id":24221,"date":"2024-12-04T11:32:15","date_gmt":"2024-12-04T11:32:15","guid":{"rendered":"https:\/\/lluita.org\/el-dr-oriol-mitja-rep-una-beca-del-consell-europeu-de-recerca-per-desenvolupar-una-vacuna-contra-la-sifilis\/"},"modified":"2024-12-04T11:55:25","modified_gmt":"2024-12-04T11:55:25","slug":"el-dr-oriol-mitja-recibe-una-beca-europea-para-desarrollar-una-vacuna-contra-la-sifilis","status":"publish","type":"post","link":"https:\/\/lluita.org\/es\/el-dr-oriol-mitja-recibe-una-beca-europea-para-desarrollar-una-vacuna-contra-la-sifilis\/","title":{"rendered":"El dr. Oriol Mitj\u00e0 recibe una beca del Consejo Europeo de Investigaci\u00f3n para desarrollar una vacuna contra la s\u00edfilis"},"content":{"rendered":"<h2><strong>El Dr. Oriol Mitj\u00e0 recibe una beca del Consejo Europeo de Investigaci\u00f3n para abordar la s\u00edfilis y sus manifestaciones severas, y avanzar hacia una vacuna que permita erradicar la enfermedad\u00a0<\/strong><strong>\u00a0<\/strong><\/h2>\n<p>El investigador Oriol Mitj\u00e0 ha sido galardonado con una beca del <a href=\"https:\/\/www.horizonteeuropa.es\/erc\">Consejo Europeo de Investigaci\u00f3n (ERC)<\/a>, con una dotaci\u00f3n de 2,9 millones de euros. Esta financiaci\u00f3n permitir\u00e1 al Dr. Mitj\u00e0 actualizar y avanzar en el conocimiento sobre la s\u00edfilis, un campo en el que no se han producido avances significativos en los \u00faltimos 50 a\u00f1os. La innovaci\u00f3n en este campo es urgente, dado que la enfermedad est\u00e1 creciendo de forma descontrolada \u2013 sobre todo en la \u00faltima d\u00e9cada &#8211; y las herramientas para controlarla se muestran claramente obsoletas y, por tanto, ineficientes.<\/p>\n<h2>S\u00edfilis cong\u00e9nita y neuros\u00edfilis<\/h2>\n<p>Adem\u00e1s, el proyecto del Dr. Mitj\u00e0 tiene como objetivo identificar nuevos m\u00e9todos de diagn\u00f3stico y tratamiento para la s\u00edfilis cong\u00e9nita y la neuros\u00edfilis, dos formas de la enfermedad que siguen desafiando a la medicina actual, principalmente en pa\u00edses de renta baja y media. Dada la voluntad de ofrecer un abordaje integral de la enfermedad, tambi\u00e9n se explorar\u00e1 el desarrollo de una vacuna que permita inmunizar contra todas las manifestaciones de la s\u00edfilis, un paso fundamental para controlar una infecci\u00f3n que afecta a millones de personas en todo el mundo.<\/p>\n<p>Seg\u00fan el Dr. Mitj\u00e0,<strong> \u00abEste proyecto es una oportunidad \u00fanica para llenar lagunas cr\u00edticas en el diagn\u00f3stico y tratamiento de la s\u00edfilis. Nuestro objetivo es contribuir de manera significativa a la erradicaci\u00f3n de esta enfermedad mediante el uso de nuevas herramientas. Queremos modificar el paradigma desde el que la medicina aborda la s\u00edfilis, proponiendo innovaciones en el diagn\u00f3stico, prevenci\u00f3n y tratamiento de la enfermedad en general, y de sus dos manifestaciones m\u00e1s severas (neuros\u00edfilis y s\u00edfilis cong\u00e9nita). Si el proyecto es exitoso, podremos ofrecer un tratamiento personalizado a los pacientes, enfatizando la identificaci\u00f3n e intervenci\u00f3n temprana frente a las diferentes manifestaciones de la infecci\u00f3n. Dado que aspiramos a actualizar el conocimiento en este campo en los \u00faltimos 50 a\u00f1os, nuestro proyecto tambi\u00e9n pretende sentar las bases para una futura vacuna contra la s\u00edfilis\u201d.\u00a0<\/strong><\/p>\n<p>El proyecto estar\u00e1 coordinado por el Dr. Mitj\u00e0 desde la <a href=\"https:\/\/lluita.org\/es\/\">Fundaci\u00f3n de Lucha contra las Infecciones<\/a> y el <a href=\"https:\/\/hospitalgermanstrias.cat\/\">Hospital Germans Trias i Pujol<\/a> (Badalona) en colaboraci\u00f3n con el centro de investigaci\u00f3n <a href=\"https:\/\/www.irsicaixa.es\/es\">IrsiCaixa<\/a> y la <a href=\"https:\/\/www.washington.edu\/\">Universidad de Washington<\/a>. Se realizar\u00e1n ensayos cl\u00ednicos en China (Guangzhou) y en Pap\u00faa Nueva Guinea, pa\u00edses con una alta incidencia de neuros\u00edfilis y s\u00edfilis cong\u00e9nita, respectivamente.<\/p>\n","protected":false},"excerpt":{"rendered":"<p>El Dr. Oriol Mitj\u00e0 recibe una beca del Consejo Europeo de Investigaci\u00f3n para abordar la s\u00edfilis y sus manifestaciones severas, y avanzar hacia una vacuna que permita erradicar la enfermedad\u00a0\u00a0 El investigador Oriol Mitj\u00e0 ha sido galardonado con una beca del Consejo Europeo de Investigaci\u00f3n (ERC), con una dotaci\u00f3n de 2,9 millones de euros. Esta [&hellip;]<\/p>\n","protected":false},"author":3,"featured_media":24217,"comment_status":"closed","ping_status":"closed","sticky":false,"template":"","format":"standard","meta":{"_acf_changed":false,"footnotes":""},"categories":[20,270],"class_list":["post-24221","post","type-post","status-publish","format-standard","has-post-thumbnail","hentry","category-its-es","category-salud-internacional"],"acf":[],"yoast_head":"<!-- This site is optimized with the Yoast SEO Premium plugin v27.4 (Yoast SEO v27.5) - https:\/\/yoast.com\/product\/yoast-seo-premium-wordpress\/ -->\n<title>El dr. Oriol Mitj\u00e0 recibe una beca del Consejo Europeo de Investigaci\u00f3n para desarrollar una vacuna contra la s\u00edfilis - Fundaci\u00f3 Lluita contra les Infeccions<\/title>\n<meta name=\"description\" content=\"El investigador Oriol Mitj\u00e0 ha sido galardonado con una beca del Consejo Europeo de Investigaci\u00f3n (ERC), con una dotaci\u00f3n de 2,9 millones de euros. Esta financiaci\u00f3n permitir\u00e1 al Dr. Mitj\u00e0 actualizar y avanzar en el conocimiento sobre la s\u00edfilis, un campo en el que no se han producido avances significativos en los \u00faltimos 50 a\u00f1os. La innovaci\u00f3n en este campo es urgente, dado que la enfermedad est\u00e1 creciendo de forma descontrolada \u2013 sobre todo en la \u00faltima d\u00e9cada - y las herramientas para controlarla se muestran claramente obsoletas y, por tanto, ineficientes.\" \/>\n<meta name=\"robots\" content=\"index, follow, max-snippet:-1, max-image-preview:large, max-video-preview:-1\" \/>\n<link rel=\"canonical\" href=\"https:\/\/lluita.org\/es\/el-dr-oriol-mitja-recibe-una-beca-europea-para-desarrollar-una-vacuna-contra-la-sifilis\/\" \/>\n<meta property=\"og:locale\" content=\"es_ES\" \/>\n<meta property=\"og:type\" content=\"article\" \/>\n<meta property=\"og:title\" content=\"El dr. Oriol Mitj\u00e0 recibe una beca del Consejo Europeo de Investigaci\u00f3n para desarrollar una vacuna contra la s\u00edfilis\" \/>\n<meta property=\"og:description\" content=\"El investigador Oriol Mitj\u00e0 ha sido galardonado con una beca del Consejo Europeo de Investigaci\u00f3n (ERC), con una dotaci\u00f3n de 2,9 millones de euros. Esta financiaci\u00f3n permitir\u00e1 al Dr. Mitj\u00e0 actualizar y avanzar en el conocimiento sobre la s\u00edfilis, un campo en el que no se han producido avances significativos en los \u00faltimos 50 a\u00f1os. La innovaci\u00f3n en este campo es urgente, dado que la enfermedad est\u00e1 creciendo de forma descontrolada \u2013 sobre todo en la \u00faltima d\u00e9cada - y las herramientas para controlarla se muestran claramente obsoletas y, por tanto, ineficientes.\" \/>\n<meta property=\"og:url\" content=\"https:\/\/lluita.org\/es\/el-dr-oriol-mitja-recibe-una-beca-europea-para-desarrollar-una-vacuna-contra-la-sifilis\/\" \/>\n<meta property=\"og:site_name\" content=\"Fundaci\u00f3 Lluita contra les Infeccions\" \/>\n<meta property=\"article:published_time\" content=\"2024-12-04T11:32:15+00:00\" \/>\n<meta property=\"article:modified_time\" content=\"2024-12-04T11:55:25+00:00\" \/>\n<meta property=\"og:image\" content=\"https:\/\/lluita.org\/custom\/uploads\/2024\/12\/beca_oriol-1024x484.png\" \/>\n\t<meta property=\"og:image:width\" content=\"1024\" \/>\n\t<meta property=\"og:image:height\" content=\"484\" \/>\n\t<meta property=\"og:image:type\" content=\"image\/png\" \/>\n<meta name=\"author\" content=\"Marta Rodriguez\" \/>\n<meta name=\"twitter:card\" content=\"summary_large_image\" \/>\n<meta name=\"twitter:label1\" content=\"Escrito por\" \/>\n\t<meta name=\"twitter:data1\" content=\"Marta Rodriguez\" \/>\n\t<meta name=\"twitter:label2\" content=\"Tiempo de lectura\" \/>\n\t<meta name=\"twitter:data2\" content=\"3 minutos\" \/>\n<script type=\"application\/ld+json\" class=\"yoast-schema-graph\">{\"@context\":\"https:\\\/\\\/schema.org\",\"@graph\":[{\"@type\":\"Article\",\"@id\":\"https:\\\/\\\/lluita.org\\\/es\\\/el-dr-oriol-mitja-recibe-una-beca-europea-para-desarrollar-una-vacuna-contra-la-sifilis\\\/#article\",\"isPartOf\":{\"@id\":\"https:\\\/\\\/lluita.org\\\/es\\\/el-dr-oriol-mitja-recibe-una-beca-europea-para-desarrollar-una-vacuna-contra-la-sifilis\\\/\"},\"author\":{\"name\":\"Marta Rodriguez\",\"@id\":\"https:\\\/\\\/lluita.org\\\/#\\\/schema\\\/person\\\/33335fd0597aa3cc324e8b520d25eced\"},\"headline\":\"El dr. Oriol Mitj\u00e0 recibe una beca del Consejo Europeo de Investigaci\u00f3n para desarrollar una vacuna contra la s\u00edfilis\",\"datePublished\":\"2024-12-04T11:32:15+00:00\",\"dateModified\":\"2024-12-04T11:55:25+00:00\",\"mainEntityOfPage\":{\"@id\":\"https:\\\/\\\/lluita.org\\\/es\\\/el-dr-oriol-mitja-recibe-una-beca-europea-para-desarrollar-una-vacuna-contra-la-sifilis\\\/\"},\"wordCount\":475,\"image\":{\"@id\":\"https:\\\/\\\/lluita.org\\\/es\\\/el-dr-oriol-mitja-recibe-una-beca-europea-para-desarrollar-una-vacuna-contra-la-sifilis\\\/#primaryimage\"},\"thumbnailUrl\":\"https:\\\/\\\/lluita.org\\\/custom\\\/uploads\\\/2024\\\/12\\\/beca_oriol.png\",\"articleSection\":[\"ITS\",\"Salud internacional\"],\"inLanguage\":\"es\"},{\"@type\":\"WebPage\",\"@id\":\"https:\\\/\\\/lluita.org\\\/es\\\/el-dr-oriol-mitja-recibe-una-beca-europea-para-desarrollar-una-vacuna-contra-la-sifilis\\\/\",\"url\":\"https:\\\/\\\/lluita.org\\\/es\\\/el-dr-oriol-mitja-recibe-una-beca-europea-para-desarrollar-una-vacuna-contra-la-sifilis\\\/\",\"name\":\"El dr. Oriol Mitj\u00e0 recibe una beca del Consejo Europeo de Investigaci\u00f3n para desarrollar una vacuna contra la s\u00edfilis - Fundaci\u00f3 Lluita contra les Infeccions\",\"isPartOf\":{\"@id\":\"https:\\\/\\\/lluita.org\\\/#website\"},\"primaryImageOfPage\":{\"@id\":\"https:\\\/\\\/lluita.org\\\/es\\\/el-dr-oriol-mitja-recibe-una-beca-europea-para-desarrollar-una-vacuna-contra-la-sifilis\\\/#primaryimage\"},\"image\":{\"@id\":\"https:\\\/\\\/lluita.org\\\/es\\\/el-dr-oriol-mitja-recibe-una-beca-europea-para-desarrollar-una-vacuna-contra-la-sifilis\\\/#primaryimage\"},\"thumbnailUrl\":\"https:\\\/\\\/lluita.org\\\/custom\\\/uploads\\\/2024\\\/12\\\/beca_oriol.png\",\"datePublished\":\"2024-12-04T11:32:15+00:00\",\"dateModified\":\"2024-12-04T11:55:25+00:00\",\"author\":{\"@id\":\"https:\\\/\\\/lluita.org\\\/#\\\/schema\\\/person\\\/33335fd0597aa3cc324e8b520d25eced\"},\"description\":\"El investigador Oriol Mitj\u00e0 ha sido galardonado con una beca del Consejo Europeo de Investigaci\u00f3n (ERC), con una dotaci\u00f3n de 2,9 millones de euros. Esta financiaci\u00f3n permitir\u00e1 al Dr. Mitj\u00e0 actualizar y avanzar en el conocimiento sobre la s\u00edfilis, un campo en el que no se han producido avances significativos en los \u00faltimos 50 a\u00f1os. La innovaci\u00f3n en este campo es urgente, dado que la enfermedad est\u00e1 creciendo de forma descontrolada \u2013 sobre todo en la \u00faltima d\u00e9cada - y las herramientas para controlarla se muestran claramente obsoletas y, por tanto, ineficientes.\",\"breadcrumb\":{\"@id\":\"https:\\\/\\\/lluita.org\\\/es\\\/el-dr-oriol-mitja-recibe-una-beca-europea-para-desarrollar-una-vacuna-contra-la-sifilis\\\/#breadcrumb\"},\"inLanguage\":\"es\",\"potentialAction\":[{\"@type\":\"ReadAction\",\"target\":[\"https:\\\/\\\/lluita.org\\\/es\\\/el-dr-oriol-mitja-recibe-una-beca-europea-para-desarrollar-una-vacuna-contra-la-sifilis\\\/\"]}]},{\"@type\":\"ImageObject\",\"inLanguage\":\"es\",\"@id\":\"https:\\\/\\\/lluita.org\\\/es\\\/el-dr-oriol-mitja-recibe-una-beca-europea-para-desarrollar-una-vacuna-contra-la-sifilis\\\/#primaryimage\",\"url\":\"https:\\\/\\\/lluita.org\\\/custom\\\/uploads\\\/2024\\\/12\\\/beca_oriol.png\",\"contentUrl\":\"https:\\\/\\\/lluita.org\\\/custom\\\/uploads\\\/2024\\\/12\\\/beca_oriol.png\",\"width\":1800,\"height\":850,\"caption\":\"Dr. Oriol Mitj\u00e0 i equip\"},{\"@type\":\"BreadcrumbList\",\"@id\":\"https:\\\/\\\/lluita.org\\\/es\\\/el-dr-oriol-mitja-recibe-una-beca-europea-para-desarrollar-una-vacuna-contra-la-sifilis\\\/#breadcrumb\",\"itemListElement\":[{\"@type\":\"ListItem\",\"position\":1,\"name\":\"Inici\",\"item\":\"https:\\\/\\\/lluita.org\\\/es\\\/\"},{\"@type\":\"ListItem\",\"position\":2,\"name\":\"El dr. Oriol Mitj\u00e0 recibe una beca del Consejo Europeo de Investigaci\u00f3n para desarrollar una vacuna contra la s\u00edfilis\"}]},{\"@type\":\"WebSite\",\"@id\":\"https:\\\/\\\/lluita.org\\\/#website\",\"url\":\"https:\\\/\\\/lluita.org\\\/\",\"name\":\"Fundaci\u00f3 Lluita contra les Infeccions\",\"description\":\"\",\"potentialAction\":[{\"@type\":\"SearchAction\",\"target\":{\"@type\":\"EntryPoint\",\"urlTemplate\":\"https:\\\/\\\/lluita.org\\\/?s={search_term_string}\"},\"query-input\":{\"@type\":\"PropertyValueSpecification\",\"valueRequired\":true,\"valueName\":\"search_term_string\"}}],\"inLanguage\":\"es\"},{\"@type\":\"Person\",\"@id\":\"https:\\\/\\\/lluita.org\\\/#\\\/schema\\\/person\\\/33335fd0597aa3cc324e8b520d25eced\",\"name\":\"Marta Rodriguez\",\"image\":{\"@type\":\"ImageObject\",\"inLanguage\":\"es\",\"@id\":\"https:\\\/\\\/secure.gravatar.com\\\/avatar\\\/a6b119cbae43b329ad19d1889130bcf7e6567ba0ec896ae9cb1848863b6dabdd?s=96&d=mm&r=g\",\"url\":\"https:\\\/\\\/secure.gravatar.com\\\/avatar\\\/a6b119cbae43b329ad19d1889130bcf7e6567ba0ec896ae9cb1848863b6dabdd?s=96&d=mm&r=g\",\"contentUrl\":\"https:\\\/\\\/secure.gravatar.com\\\/avatar\\\/a6b119cbae43b329ad19d1889130bcf7e6567ba0ec896ae9cb1848863b6dabdd?s=96&d=mm&r=g\",\"caption\":\"Marta Rodriguez\"},\"url\":\"https:\\\/\\\/lluita.org\\\/es\\\/author\\\/mrodriguez\\\/\"}]}<\/script>\n<!-- \/ Yoast SEO Premium plugin. -->","yoast_head_json":{"title":"El dr. Oriol Mitj\u00e0 recibe una beca del Consejo Europeo de Investigaci\u00f3n para desarrollar una vacuna contra la s\u00edfilis - Fundaci\u00f3 Lluita contra les Infeccions","description":"El investigador Oriol Mitj\u00e0 ha sido galardonado con una beca del Consejo Europeo de Investigaci\u00f3n (ERC), con una dotaci\u00f3n de 2,9 millones de euros. Esta financiaci\u00f3n permitir\u00e1 al Dr. Mitj\u00e0 actualizar y avanzar en el conocimiento sobre la s\u00edfilis, un campo en el que no se han producido avances significativos en los \u00faltimos 50 a\u00f1os. La innovaci\u00f3n en este campo es urgente, dado que la enfermedad est\u00e1 creciendo de forma descontrolada \u2013 sobre todo en la \u00faltima d\u00e9cada - y las herramientas para controlarla se muestran claramente obsoletas y, por tanto, ineficientes.","robots":{"index":"index","follow":"follow","max-snippet":"max-snippet:-1","max-image-preview":"max-image-preview:large","max-video-preview":"max-video-preview:-1"},"canonical":"https:\/\/lluita.org\/es\/el-dr-oriol-mitja-recibe-una-beca-europea-para-desarrollar-una-vacuna-contra-la-sifilis\/","og_locale":"es_ES","og_type":"article","og_title":"El dr. Oriol Mitj\u00e0 recibe una beca del Consejo Europeo de Investigaci\u00f3n para desarrollar una vacuna contra la s\u00edfilis","og_description":"El investigador Oriol Mitj\u00e0 ha sido galardonado con una beca del Consejo Europeo de Investigaci\u00f3n (ERC), con una dotaci\u00f3n de 2,9 millones de euros. Esta financiaci\u00f3n permitir\u00e1 al Dr. Mitj\u00e0 actualizar y avanzar en el conocimiento sobre la s\u00edfilis, un campo en el que no se han producido avances significativos en los \u00faltimos 50 a\u00f1os. La innovaci\u00f3n en este campo es urgente, dado que la enfermedad est\u00e1 creciendo de forma descontrolada \u2013 sobre todo en la \u00faltima d\u00e9cada - y las herramientas para controlarla se muestran claramente obsoletas y, por tanto, ineficientes.","og_url":"https:\/\/lluita.org\/es\/el-dr-oriol-mitja-recibe-una-beca-europea-para-desarrollar-una-vacuna-contra-la-sifilis\/","og_site_name":"Fundaci\u00f3 Lluita contra les Infeccions","article_published_time":"2024-12-04T11:32:15+00:00","article_modified_time":"2024-12-04T11:55:25+00:00","og_image":[{"width":1024,"height":484,"url":"https:\/\/lluita.org\/custom\/uploads\/2024\/12\/beca_oriol-1024x484.png","type":"image\/png"}],"author":"Marta Rodriguez","twitter_card":"summary_large_image","twitter_misc":{"Escrito por":"Marta Rodriguez","Tiempo de lectura":"3 minutos"},"schema":{"@context":"https:\/\/schema.org","@graph":[{"@type":"Article","@id":"https:\/\/lluita.org\/es\/el-dr-oriol-mitja-recibe-una-beca-europea-para-desarrollar-una-vacuna-contra-la-sifilis\/#article","isPartOf":{"@id":"https:\/\/lluita.org\/es\/el-dr-oriol-mitja-recibe-una-beca-europea-para-desarrollar-una-vacuna-contra-la-sifilis\/"},"author":{"name":"Marta Rodriguez","@id":"https:\/\/lluita.org\/#\/schema\/person\/33335fd0597aa3cc324e8b520d25eced"},"headline":"El dr. Oriol Mitj\u00e0 recibe una beca del Consejo Europeo de Investigaci\u00f3n para desarrollar una vacuna contra la s\u00edfilis","datePublished":"2024-12-04T11:32:15+00:00","dateModified":"2024-12-04T11:55:25+00:00","mainEntityOfPage":{"@id":"https:\/\/lluita.org\/es\/el-dr-oriol-mitja-recibe-una-beca-europea-para-desarrollar-una-vacuna-contra-la-sifilis\/"},"wordCount":475,"image":{"@id":"https:\/\/lluita.org\/es\/el-dr-oriol-mitja-recibe-una-beca-europea-para-desarrollar-una-vacuna-contra-la-sifilis\/#primaryimage"},"thumbnailUrl":"https:\/\/lluita.org\/custom\/uploads\/2024\/12\/beca_oriol.png","articleSection":["ITS","Salud internacional"],"inLanguage":"es"},{"@type":"WebPage","@id":"https:\/\/lluita.org\/es\/el-dr-oriol-mitja-recibe-una-beca-europea-para-desarrollar-una-vacuna-contra-la-sifilis\/","url":"https:\/\/lluita.org\/es\/el-dr-oriol-mitja-recibe-una-beca-europea-para-desarrollar-una-vacuna-contra-la-sifilis\/","name":"El dr. Oriol Mitj\u00e0 recibe una beca del Consejo Europeo de Investigaci\u00f3n para desarrollar una vacuna contra la s\u00edfilis - Fundaci\u00f3 Lluita contra les Infeccions","isPartOf":{"@id":"https:\/\/lluita.org\/#website"},"primaryImageOfPage":{"@id":"https:\/\/lluita.org\/es\/el-dr-oriol-mitja-recibe-una-beca-europea-para-desarrollar-una-vacuna-contra-la-sifilis\/#primaryimage"},"image":{"@id":"https:\/\/lluita.org\/es\/el-dr-oriol-mitja-recibe-una-beca-europea-para-desarrollar-una-vacuna-contra-la-sifilis\/#primaryimage"},"thumbnailUrl":"https:\/\/lluita.org\/custom\/uploads\/2024\/12\/beca_oriol.png","datePublished":"2024-12-04T11:32:15+00:00","dateModified":"2024-12-04T11:55:25+00:00","author":{"@id":"https:\/\/lluita.org\/#\/schema\/person\/33335fd0597aa3cc324e8b520d25eced"},"description":"El investigador Oriol Mitj\u00e0 ha sido galardonado con una beca del Consejo Europeo de Investigaci\u00f3n (ERC), con una dotaci\u00f3n de 2,9 millones de euros. Esta financiaci\u00f3n permitir\u00e1 al Dr. Mitj\u00e0 actualizar y avanzar en el conocimiento sobre la s\u00edfilis, un campo en el que no se han producido avances significativos en los \u00faltimos 50 a\u00f1os. La innovaci\u00f3n en este campo es urgente, dado que la enfermedad est\u00e1 creciendo de forma descontrolada \u2013 sobre todo en la \u00faltima d\u00e9cada - y las herramientas para controlarla se muestran claramente obsoletas y, por tanto, ineficientes.","breadcrumb":{"@id":"https:\/\/lluita.org\/es\/el-dr-oriol-mitja-recibe-una-beca-europea-para-desarrollar-una-vacuna-contra-la-sifilis\/#breadcrumb"},"inLanguage":"es","potentialAction":[{"@type":"ReadAction","target":["https:\/\/lluita.org\/es\/el-dr-oriol-mitja-recibe-una-beca-europea-para-desarrollar-una-vacuna-contra-la-sifilis\/"]}]},{"@type":"ImageObject","inLanguage":"es","@id":"https:\/\/lluita.org\/es\/el-dr-oriol-mitja-recibe-una-beca-europea-para-desarrollar-una-vacuna-contra-la-sifilis\/#primaryimage","url":"https:\/\/lluita.org\/custom\/uploads\/2024\/12\/beca_oriol.png","contentUrl":"https:\/\/lluita.org\/custom\/uploads\/2024\/12\/beca_oriol.png","width":1800,"height":850,"caption":"Dr. Oriol Mitj\u00e0 i equip"},{"@type":"BreadcrumbList","@id":"https:\/\/lluita.org\/es\/el-dr-oriol-mitja-recibe-una-beca-europea-para-desarrollar-una-vacuna-contra-la-sifilis\/#breadcrumb","itemListElement":[{"@type":"ListItem","position":1,"name":"Inici","item":"https:\/\/lluita.org\/es\/"},{"@type":"ListItem","position":2,"name":"El dr. Oriol Mitj\u00e0 recibe una beca del Consejo Europeo de Investigaci\u00f3n para desarrollar una vacuna contra la s\u00edfilis"}]},{"@type":"WebSite","@id":"https:\/\/lluita.org\/#website","url":"https:\/\/lluita.org\/","name":"Fundaci\u00f3 Lluita contra les Infeccions","description":"","potentialAction":[{"@type":"SearchAction","target":{"@type":"EntryPoint","urlTemplate":"https:\/\/lluita.org\/?s={search_term_string}"},"query-input":{"@type":"PropertyValueSpecification","valueRequired":true,"valueName":"search_term_string"}}],"inLanguage":"es"},{"@type":"Person","@id":"https:\/\/lluita.org\/#\/schema\/person\/33335fd0597aa3cc324e8b520d25eced","name":"Marta Rodriguez","image":{"@type":"ImageObject","inLanguage":"es","@id":"https:\/\/secure.gravatar.com\/avatar\/a6b119cbae43b329ad19d1889130bcf7e6567ba0ec896ae9cb1848863b6dabdd?s=96&d=mm&r=g","url":"https:\/\/secure.gravatar.com\/avatar\/a6b119cbae43b329ad19d1889130bcf7e6567ba0ec896ae9cb1848863b6dabdd?s=96&d=mm&r=g","contentUrl":"https:\/\/secure.gravatar.com\/avatar\/a6b119cbae43b329ad19d1889130bcf7e6567ba0ec896ae9cb1848863b6dabdd?s=96&d=mm&r=g","caption":"Marta Rodriguez"},"url":"https:\/\/lluita.org\/es\/author\/mrodriguez\/"}]}},"_links":{"self":[{"href":"https:\/\/lluita.org\/es\/wp-json\/wp\/v2\/posts\/24221","targetHints":{"allow":["GET"]}}],"collection":[{"href":"https:\/\/lluita.org\/es\/wp-json\/wp\/v2\/posts"}],"about":[{"href":"https:\/\/lluita.org\/es\/wp-json\/wp\/v2\/types\/post"}],"author":[{"embeddable":true,"href":"https:\/\/lluita.org\/es\/wp-json\/wp\/v2\/users\/3"}],"replies":[{"embeddable":true,"href":"https:\/\/lluita.org\/es\/wp-json\/wp\/v2\/comments?post=24221"}],"version-history":[{"count":2,"href":"https:\/\/lluita.org\/es\/wp-json\/wp\/v2\/posts\/24221\/revisions"}],"predecessor-version":[{"id":24223,"href":"https:\/\/lluita.org\/es\/wp-json\/wp\/v2\/posts\/24221\/revisions\/24223"}],"wp:featuredmedia":[{"embeddable":true,"href":"https:\/\/lluita.org\/es\/wp-json\/wp\/v2\/media\/24217"}],"wp:attachment":[{"href":"https:\/\/lluita.org\/es\/wp-json\/wp\/v2\/media?parent=24221"}],"wp:term":[{"taxonomy":"category","embeddable":true,"href":"https:\/\/lluita.org\/es\/wp-json\/wp\/v2\/categories?post=24221"}],"curies":[{"name":"wp","href":"https:\/\/api.w.org\/{rel}","templated":true}]}}