{"id":24247,"date":"2024-12-16T10:10:12","date_gmt":"2024-12-16T10:10:12","guid":{"rendered":"https:\/\/lluita.org\/80-000-e-recaptats-al-concert-christmas-for-a-new-life-per-fer-front-a-lalzheimer-i-lenvelliment\/"},"modified":"2024-12-19T11:45:59","modified_gmt":"2024-12-19T11:45:59","slug":"100-000-e-recaptats-al-concert-christmas-for-a-new-life-per-fer-front-a-lalzheimer-i-lenvelliment","status":"publish","type":"post","link":"https:\/\/lluita.org\/es\/100-000-e-recaptats-al-concert-christmas-for-a-new-life-per-fer-front-a-lalzheimer-i-lenvelliment\/","title":{"rendered":"100.000 \u20ac recaudados en el concierto \u00abChristmas for en New Life\u00bb para hacer frente al Alzheimer y el envejecimiento"},"content":{"rendered":"<p><span class=\"HwtZe\" lang=\"es\"><span class=\"jCAhz ChMk0b\"><span class=\"ryNqvb\">La <a href=\"https:\/\/lluita.org\/es\/?swcfpc=1\">Fundaci\u00f3n Lucha contra las Infecciones<\/a> y la <a href=\"https:\/\/www.fundaciometalquimia.org\/ca\/\">Fundaci\u00f3n Metalquimia<\/a> han impulsado el concierto solidario <strong>\u00abChristmas for a new life.<\/strong><\/span><\/span> <span class=\"jCAhz ChMk0b\"><span class=\"ryNqvb\"><strong>Abrimos un nuevo horizonte para el Alzheimer y el envejecimiento\u00bb<\/strong> para recaudar fondos para la lucha contra esta enfermedad y para la investigaci\u00f3n sobre el envejecimiento saludable.<\/span><\/span> <span class=\"jCAhz ChMk0b\"><span class=\"ryNqvb\">El evento musical que ha tenido lugar en un escenario emblem\u00e1tico, como es el del <a href=\"https:\/\/www.auditori.cat\/es\/\">Auditori de Barcelona<\/a>, \u200b\u200bha sido un gran \u00e9xito, seg\u00fan las valoraciones de los organizadores y asistentes.<\/span><\/span><\/span><\/p>\n<p><span class=\"HwtZe\" lang=\"es\"><span class=\"jCAhz ChMk0b\"><span class=\"ryNqvb\">El concierto ha ofrecido un viaje por todo el mundo a trav\u00e9s de las melod\u00edas navide\u00f1as m\u00e1s emotivas de todos los tiempos interpretadas por la <a href=\"https:\/\/www.simfonicadecoblaicorda.cat\/ca\/\">Simf\u00f2nica de Cobla i Corda de Catalunya<\/a> que ha contado con la colaboraci\u00f3n de los solistas <a href=\"https:\/\/www.instagram.com\/elenagadel\/\">Elena Gadel<\/a>, <a href=\"https:\/\/mikinunez.com\/\">Miki N\u00fa\u00f1ez<\/a>, <a href=\"https:\/\/bethrodergas.com\/\">Beth<\/a>, <\/span><\/span><span class=\"jCAhz ChMk0b\"><span class=\"ryNqvb\"><a href=\"https:\/\/www.instagram.com\/marionaescoda\/\">Mariona Escoda<\/a>, <a href=\"https:\/\/www.instagram.com\/lapaumusic\/\">La Pau<\/a> y <a href=\"https:\/\/www.instagram.com\/joan.garrido\/\">Joan Garrido<\/a>, adem\u00e1s de la <a href=\"https:\/\/www.instagram.com\/polifonicap\/\">Coral Polif\u00f2nica de Puig-reig<\/a>.<\/span><\/span><\/span><\/p>\n<div id=\"attachment_24239\" style=\"width: 1034px\" class=\"wp-caption aligncenter\"><img loading=\"lazy\" decoding=\"async\" aria-describedby=\"caption-attachment-24239\" class=\"wp-image-24239 size-large\" src=\"https:\/\/lluita.org\/custom\/uploads\/2024\/12\/02_concert-1024x607.jpg\" alt=\"\" width=\"1024\" height=\"607\" srcset=\"https:\/\/lluita.org\/custom\/uploads\/2024\/12\/02_concert-1024x607.jpg 1024w, https:\/\/lluita.org\/custom\/uploads\/2024\/12\/02_concert-300x178.jpg 300w, https:\/\/lluita.org\/custom\/uploads\/2024\/12\/02_concert-768x455.jpg 768w, https:\/\/lluita.org\/custom\/uploads\/2024\/12\/02_concert-1536x911.jpg 1536w, https:\/\/lluita.org\/custom\/uploads\/2024\/12\/02_concert.jpg 1800w\" sizes=\"auto, (max-width: 1024px) 100vw, 1024px\" \/><p id=\"caption-attachment-24239\" class=\"wp-caption-text\">Concierto solidario \u00abChristmas for a new life\u00bb en el Auditorio de Barcelona &#8211; 12 de diciembre de 2024<\/p><\/div>\n<p><span class=\"HwtZe\" lang=\"es\"><span class=\"jCAhz ChMk0b\"><span class=\"ryNqvb\">Conjuntamente, han interpretado una selecci\u00f3n de villancicos emblem\u00e1ticos de diferentes \u00e9pocas y culturas, adaptadas a la sonoridad \u00fanica de la Sinf\u00f3nica de Cobla y Corda de Catalunya.<\/span><\/span> <span class=\"jCAhz ChMk0b\"><span class=\"ryNqvb\">El repertorio ha incluido desde la m\u00fasica medieval de <strong>Greensleeves<\/strong> hasta grandes logros contempor\u00e1neos de artistas como <strong>Ed Sheeran<\/strong>, <strong>Elton John<\/strong> y <strong>Mariah Carey<\/strong>.<\/span><\/span> <span class=\"jCAhz ChMk0b\"><span class=\"ryNqvb\">Adem\u00e1s, el concierto ha destacado por una pieza exclusiva, compuesta especialmente para la ocasi\u00f3n por la cantante <strong>Beth Rodergas<\/strong> y <strong>Adri\u00e0 Barbosa<\/strong>.<\/span><\/span> <span class=\"jCAhz ChMk0b\"><span class=\"ryNqvb\">Esta combinaci\u00f3n de talento y creatividad ha hecho vibrar a los 2.000 asistentes reunidos en el Auditori, ofreciendo una velada musical llena de emociones y solidaridad.<\/span><\/span><\/span><\/p>\n<div class=\"lRu31\" dir=\"ltr\">\n<p><span class=\"HwtZe\" lang=\"es\"><span class=\"jCAhz ChMk0b\"><span class=\"ryNqvb\">Este tipo de iniciativas no s\u00f3lo sirven para recoger fondos, sino tambi\u00e9n para concienciar a la sociedad sobre la importancia de la investigaci\u00f3n y el apoyo a las personas afectadas por enfermedades como el Alzheimer.<\/span><\/span><\/span><\/p>\n<div id=\"ow27\"><\/div>\n<\/div>\n<div id=\"attachment_24242\" style=\"width: 1034px\" class=\"wp-caption aligncenter\"><img loading=\"lazy\" decoding=\"async\" aria-describedby=\"caption-attachment-24242\" class=\"wp-image-24242 size-large\" src=\"https:\/\/lluita.org\/custom\/uploads\/2024\/12\/03_concert-1024x607.jpg\" alt=\"\" width=\"1024\" height=\"607\" srcset=\"https:\/\/lluita.org\/custom\/uploads\/2024\/12\/03_concert-1024x607.jpg 1024w, https:\/\/lluita.org\/custom\/uploads\/2024\/12\/03_concert-300x178.jpg 300w, https:\/\/lluita.org\/custom\/uploads\/2024\/12\/03_concert-768x455.jpg 768w, https:\/\/lluita.org\/custom\/uploads\/2024\/12\/03_concert-1536x911.jpg 1536w, https:\/\/lluita.org\/custom\/uploads\/2024\/12\/03_concert.jpg 1800w\" sizes=\"auto, (max-width: 1024px) 100vw, 1024px\" \/><p id=\"caption-attachment-24242\" class=\"wp-caption-text\">Concierto solidario \u00abChristmas for a new life\u00bb en el Auditorio de Barcelona &#8211; 12 de diciembre de 2024<\/p><\/div>\n<h2><strong><span class=\"HwtZe\" lang=\"es\"><span class=\"jCAhz ChMk0b\"><span class=\"ryNqvb\">Diferentes instituciones suman su conocimiento cient\u00edfico para combatir el Alzheimer y el envejecimiento<\/span><\/span><\/span><\/strong><\/h2>\n<p>La malaltia d\u2019Alzheimer \u00e9s la causa m\u00e9s comuna de dem\u00e8ncia amb una expectativa projectada per convertir-se en el principal repte de la gent gran, i es preveu que els casos augmentin aproximadament 3 vegades en els 40 anys vinents i arribin a m\u00e9s de 150 milions el 2050. De fet, \u00e9s una malaltia que malauradament i malgrat anys de recerca, encara no t\u00e9 cura. Ara, per\u00f2, s\u2019est\u00e0 explorant una soluci\u00f3 innovadora que ha mostrat efic\u00e0cia en estudis amb animals: l\u2019acci\u00f3 d\u2019un f\u00e0rmac antiviral de baix cost que pot revolucionar el tractament de l&#8217;Alzheimer i dels efectes de l&#8217;envelliment. Per aix\u00f2, un grup d\u2019institucions capdavanteres en recerca cient\u00edfica com s\u00f3n la <a href=\"https:\/\/lluita.org\/es\/\">Fundaci\u00f3 Lluita contra les Infeccions<\/a>, l\u2019<a href=\"https:\/\/www.irsicaixa.es\/ca\">IrsiCaixa<\/a>, l\u2019<a href=\"https:\/\/hospitalgermanstrias.cat\/\">Hospital Germans Trias<\/a>, la <a href=\"https:\/\/fpmaragall.org\/ca\/\">Fundaci\u00f3 Pasqual Maragall<\/a> i el <a href=\"https:\/\/www.crg.eu\/\">Centre de Regulaci\u00f3 Gen\u00f2mica<\/a> uneixen els seus coneixements per traslladar aquesta esperan\u00e7adora proposta als humans.<\/p>\n<p><span class=\"HwtZe\" lang=\"es\"><span class=\"jCAhz ChMk0b\"><span class=\"ryNqvb\">La enfermedad de Alzheimer es la causa m\u00e1s com\u00fan de demencia con una expectativa proyectada para convertirse en el principal reto de las personas mayores, y se prev\u00e9 que los casos aumenten aproximadamente 3 veces en los pr\u00f3ximos 40 a\u00f1os y lleguen a m\u00e1s de 150<\/span><\/span> <span class=\"jCAhz ChMk0b\"><span class=\"ryNqvb\">millones en el 2050. De hecho, es una enfermedad que desgraciadamente y pese a a\u00f1os de investigaci\u00f3n, todav\u00eda no tiene cuidado.<\/span><\/span> <span class=\"jCAhz ChMk0b\"><span class=\"ryNqvb\">Sin embargo, ahora se est\u00e1 explorando una soluci\u00f3n innovadora que ha mostrado eficacia en estudios con animales: la acci\u00f3n de un f\u00e1rmaco antiviral de bajo coste que puede revolucionar el tratamiento del Alzheimer y de los efectos del envejecimiento.<\/span><\/span> <span class=\"jCAhz ChMk0b\"><span class=\"ryNqvb\">Por eso, un grupo de instituciones l\u00edderes en investigaci\u00f3n cient\u00edfica como son la <a href=\"https:\/\/lluita.org\/es\/?swcfpc=1\">Fundaci\u00f3n Lucha contra las Infecciones<\/a>, el <a href=\"https:\/\/www.irsicaixa.es\/es\">IrsiCaixa<\/a>, el <a href=\"https:\/\/www.hospitalgermanstrias.cat\/es\">Hospital Germans Trias<\/a>, la <a href=\"https:\/\/fpmaragall.org\/\">Fundaci\u00f3n Pasqual Maragall<\/a> y el <a href=\"https:\/\/www.crg.eu\/es\">Centro de Regulaci\u00f3n Gen\u00f3mica<\/a> unen sus conocimientos para trasladar esta esperanzadora propuesta<\/span><\/span> <span class=\"jCAhz ChMk0b\"><span class=\"ryNqvb\">a los humanos.<\/span><\/span><\/span><\/p>\n<p>Algunes empreses que han col\u00b7laborat amb aquest projecte de recerca han estat <a href=\"https:\/\/www.marlex.net\/\">Marlex<\/a>, <a href=\"https:\/\/www.manxaindustrial.com\/ca\/\">Manxa Industrial<\/a>, <a href=\"https:\/\/www.hipra.com\/ca\">Hipra<\/a>, <a href=\"https:\/\/www.axxon.jobs\/es\">Axxon<\/a> i <a href=\"https:\/\/www.bonarea.com\/ca\/\">bon\u00c0rea<\/a>.<\/p>\n","protected":false},"excerpt":{"rendered":"<p>La Fundaci\u00f3n Lucha contra las Infecciones y la Fundaci\u00f3n Metalquimia han impulsado el concierto solidario \u00abChristmas for a new life. Abrimos un nuevo horizonte para el Alzheimer y el envejecimiento\u00bb para recaudar fondos para la lucha contra esta enfermedad y para la investigaci\u00f3n sobre el envejecimiento saludable. El evento musical que ha tenido lugar en [&hellip;]<\/p>\n","protected":false},"author":3,"featured_media":24238,"comment_status":"closed","ping_status":"closed","sticky":false,"template":"","format":"standard","meta":{"_acf_changed":false,"footnotes":""},"categories":[3],"class_list":["post-24247","post","type-post","status-publish","format-standard","has-post-thumbnail","hentry","category-otros"],"acf":[],"yoast_head":"<!-- This site is optimized with the Yoast SEO Premium plugin v27.4 (Yoast SEO v27.5) - https:\/\/yoast.com\/product\/yoast-seo-premium-wordpress\/ -->\n<title>100.000 \u20ac recaudados en el concierto \u00abChristmas for en New Life\u00bb para hacer frente al Alzheimer y el envejecimiento - Fundaci\u00f3 Lluita contra les Infeccions<\/title>\n<meta name=\"description\" content=\"La Fundaci\u00f3n Lucha contra las Infecciones y la Fundaci\u00f3n Metalquimia han impulsado el concierto solidario \u00abChristmas for a new life. Abrimos un nuevo horizonte para el Alzheimer y el envejecimiento\u00bb para recaudar fondos para la lucha contra esta enfermedad y para la investigaci\u00f3n sobre el envejecimiento saludable.\" \/>\n<meta name=\"robots\" content=\"index, follow, max-snippet:-1, max-image-preview:large, max-video-preview:-1\" \/>\n<link rel=\"canonical\" href=\"https:\/\/lluita.org\/es\/100-000-e-recaptats-al-concert-christmas-for-a-new-life-per-fer-front-a-lalzheimer-i-lenvelliment\/\" \/>\n<meta property=\"og:locale\" content=\"es_ES\" \/>\n<meta property=\"og:type\" content=\"article\" \/>\n<meta property=\"og:title\" content=\"100.000 \u20ac recaudados en el concierto \u00abChristmas for en New Life\u00bb para hacer frente al Alzheimer y el envejecimiento\" \/>\n<meta property=\"og:description\" content=\"La Fundaci\u00f3n Lucha contra las Infecciones y la Fundaci\u00f3n Metalquimia han impulsado el concierto solidario \u00abChristmas for a new life. Abrimos un nuevo horizonte para el Alzheimer y el envejecimiento\u00bb para recaudar fondos para la lucha contra esta enfermedad y para la investigaci\u00f3n sobre el envejecimiento saludable.\" \/>\n<meta property=\"og:url\" content=\"https:\/\/lluita.org\/es\/100-000-e-recaptats-al-concert-christmas-for-a-new-life-per-fer-front-a-lalzheimer-i-lenvelliment\/\" \/>\n<meta property=\"og:site_name\" content=\"Fundaci\u00f3 Lluita contra les Infeccions\" \/>\n<meta property=\"article:published_time\" content=\"2024-12-16T10:10:12+00:00\" \/>\n<meta property=\"article:modified_time\" content=\"2024-12-19T11:45:59+00:00\" \/>\n<meta property=\"og:image\" content=\"https:\/\/lluita.org\/custom\/uploads\/2024\/12\/01_concert.jpg\" \/>\n\t<meta property=\"og:image:width\" content=\"1800\" \/>\n\t<meta property=\"og:image:height\" content=\"1067\" \/>\n\t<meta property=\"og:image:type\" content=\"image\/jpeg\" \/>\n<meta name=\"author\" content=\"Marta Rodriguez\" \/>\n<meta name=\"twitter:card\" content=\"summary_large_image\" \/>\n<meta name=\"twitter:label1\" content=\"Escrito por\" \/>\n\t<meta name=\"twitter:data1\" content=\"Marta Rodriguez\" \/>\n\t<meta name=\"twitter:label2\" content=\"Tiempo de lectura\" \/>\n\t<meta name=\"twitter:data2\" content=\"5 minutos\" \/>\n<script type=\"application\/ld+json\" class=\"yoast-schema-graph\">{\"@context\":\"https:\\\/\\\/schema.org\",\"@graph\":[{\"@type\":\"Article\",\"@id\":\"https:\\\/\\\/lluita.org\\\/es\\\/100-000-e-recaptats-al-concert-christmas-for-a-new-life-per-fer-front-a-lalzheimer-i-lenvelliment\\\/#article\",\"isPartOf\":{\"@id\":\"https:\\\/\\\/lluita.org\\\/es\\\/100-000-e-recaptats-al-concert-christmas-for-a-new-life-per-fer-front-a-lalzheimer-i-lenvelliment\\\/\"},\"author\":{\"name\":\"Marta Rodriguez\",\"@id\":\"https:\\\/\\\/lluita.org\\\/#\\\/schema\\\/person\\\/33335fd0597aa3cc324e8b520d25eced\"},\"headline\":\"100.000 \u20ac recaudados en el concierto \u00abChristmas for en New Life\u00bb para hacer frente al Alzheimer y el envejecimiento\",\"datePublished\":\"2024-12-16T10:10:12+00:00\",\"dateModified\":\"2024-12-19T11:45:59+00:00\",\"mainEntityOfPage\":{\"@id\":\"https:\\\/\\\/lluita.org\\\/es\\\/100-000-e-recaptats-al-concert-christmas-for-a-new-life-per-fer-front-a-lalzheimer-i-lenvelliment\\\/\"},\"wordCount\":713,\"image\":{\"@id\":\"https:\\\/\\\/lluita.org\\\/es\\\/100-000-e-recaptats-al-concert-christmas-for-a-new-life-per-fer-front-a-lalzheimer-i-lenvelliment\\\/#primaryimage\"},\"thumbnailUrl\":\"https:\\\/\\\/lluita.org\\\/custom\\\/uploads\\\/2024\\\/12\\\/01_concert.jpg\",\"articleSection\":[\"Otros\"],\"inLanguage\":\"es\"},{\"@type\":\"WebPage\",\"@id\":\"https:\\\/\\\/lluita.org\\\/es\\\/100-000-e-recaptats-al-concert-christmas-for-a-new-life-per-fer-front-a-lalzheimer-i-lenvelliment\\\/\",\"url\":\"https:\\\/\\\/lluita.org\\\/es\\\/100-000-e-recaptats-al-concert-christmas-for-a-new-life-per-fer-front-a-lalzheimer-i-lenvelliment\\\/\",\"name\":\"100.000 \u20ac recaudados en el concierto \u00abChristmas for en New Life\u00bb para hacer frente al Alzheimer y el envejecimiento - Fundaci\u00f3 Lluita contra les Infeccions\",\"isPartOf\":{\"@id\":\"https:\\\/\\\/lluita.org\\\/#website\"},\"primaryImageOfPage\":{\"@id\":\"https:\\\/\\\/lluita.org\\\/es\\\/100-000-e-recaptats-al-concert-christmas-for-a-new-life-per-fer-front-a-lalzheimer-i-lenvelliment\\\/#primaryimage\"},\"image\":{\"@id\":\"https:\\\/\\\/lluita.org\\\/es\\\/100-000-e-recaptats-al-concert-christmas-for-a-new-life-per-fer-front-a-lalzheimer-i-lenvelliment\\\/#primaryimage\"},\"thumbnailUrl\":\"https:\\\/\\\/lluita.org\\\/custom\\\/uploads\\\/2024\\\/12\\\/01_concert.jpg\",\"datePublished\":\"2024-12-16T10:10:12+00:00\",\"dateModified\":\"2024-12-19T11:45:59+00:00\",\"author\":{\"@id\":\"https:\\\/\\\/lluita.org\\\/#\\\/schema\\\/person\\\/33335fd0597aa3cc324e8b520d25eced\"},\"description\":\"La Fundaci\u00f3n Lucha contra las Infecciones y la Fundaci\u00f3n Metalquimia han impulsado el concierto solidario \u00abChristmas for a new life. Abrimos un nuevo horizonte para el Alzheimer y el envejecimiento\u00bb para recaudar fondos para la lucha contra esta enfermedad y para la investigaci\u00f3n sobre el envejecimiento saludable.\",\"breadcrumb\":{\"@id\":\"https:\\\/\\\/lluita.org\\\/es\\\/100-000-e-recaptats-al-concert-christmas-for-a-new-life-per-fer-front-a-lalzheimer-i-lenvelliment\\\/#breadcrumb\"},\"inLanguage\":\"es\",\"potentialAction\":[{\"@type\":\"ReadAction\",\"target\":[\"https:\\\/\\\/lluita.org\\\/es\\\/100-000-e-recaptats-al-concert-christmas-for-a-new-life-per-fer-front-a-lalzheimer-i-lenvelliment\\\/\"]}]},{\"@type\":\"ImageObject\",\"inLanguage\":\"es\",\"@id\":\"https:\\\/\\\/lluita.org\\\/es\\\/100-000-e-recaptats-al-concert-christmas-for-a-new-life-per-fer-front-a-lalzheimer-i-lenvelliment\\\/#primaryimage\",\"url\":\"https:\\\/\\\/lluita.org\\\/custom\\\/uploads\\\/2024\\\/12\\\/01_concert.jpg\",\"contentUrl\":\"https:\\\/\\\/lluita.org\\\/custom\\\/uploads\\\/2024\\\/12\\\/01_concert.jpg\",\"width\":1800,\"height\":1067},{\"@type\":\"BreadcrumbList\",\"@id\":\"https:\\\/\\\/lluita.org\\\/es\\\/100-000-e-recaptats-al-concert-christmas-for-a-new-life-per-fer-front-a-lalzheimer-i-lenvelliment\\\/#breadcrumb\",\"itemListElement\":[{\"@type\":\"ListItem\",\"position\":1,\"name\":\"Inici\",\"item\":\"https:\\\/\\\/lluita.org\\\/es\\\/\"},{\"@type\":\"ListItem\",\"position\":2,\"name\":\"100.000 \u20ac recaudados en el concierto \u00abChristmas for en New Life\u00bb para hacer frente al Alzheimer y el envejecimiento\"}]},{\"@type\":\"WebSite\",\"@id\":\"https:\\\/\\\/lluita.org\\\/#website\",\"url\":\"https:\\\/\\\/lluita.org\\\/\",\"name\":\"Fundaci\u00f3 Lluita contra les Infeccions\",\"description\":\"\",\"potentialAction\":[{\"@type\":\"SearchAction\",\"target\":{\"@type\":\"EntryPoint\",\"urlTemplate\":\"https:\\\/\\\/lluita.org\\\/?s={search_term_string}\"},\"query-input\":{\"@type\":\"PropertyValueSpecification\",\"valueRequired\":true,\"valueName\":\"search_term_string\"}}],\"inLanguage\":\"es\"},{\"@type\":\"Person\",\"@id\":\"https:\\\/\\\/lluita.org\\\/#\\\/schema\\\/person\\\/33335fd0597aa3cc324e8b520d25eced\",\"name\":\"Marta Rodriguez\",\"image\":{\"@type\":\"ImageObject\",\"inLanguage\":\"es\",\"@id\":\"https:\\\/\\\/secure.gravatar.com\\\/avatar\\\/a6b119cbae43b329ad19d1889130bcf7e6567ba0ec896ae9cb1848863b6dabdd?s=96&d=mm&r=g\",\"url\":\"https:\\\/\\\/secure.gravatar.com\\\/avatar\\\/a6b119cbae43b329ad19d1889130bcf7e6567ba0ec896ae9cb1848863b6dabdd?s=96&d=mm&r=g\",\"contentUrl\":\"https:\\\/\\\/secure.gravatar.com\\\/avatar\\\/a6b119cbae43b329ad19d1889130bcf7e6567ba0ec896ae9cb1848863b6dabdd?s=96&d=mm&r=g\",\"caption\":\"Marta Rodriguez\"},\"url\":\"https:\\\/\\\/lluita.org\\\/es\\\/author\\\/mrodriguez\\\/\"}]}<\/script>\n<!-- \/ Yoast SEO Premium plugin. -->","yoast_head_json":{"title":"100.000 \u20ac recaudados en el concierto \u00abChristmas for en New Life\u00bb para hacer frente al Alzheimer y el envejecimiento - Fundaci\u00f3 Lluita contra les Infeccions","description":"La Fundaci\u00f3n Lucha contra las Infecciones y la Fundaci\u00f3n Metalquimia han impulsado el concierto solidario \u00abChristmas for a new life. Abrimos un nuevo horizonte para el Alzheimer y el envejecimiento\u00bb para recaudar fondos para la lucha contra esta enfermedad y para la investigaci\u00f3n sobre el envejecimiento saludable.","robots":{"index":"index","follow":"follow","max-snippet":"max-snippet:-1","max-image-preview":"max-image-preview:large","max-video-preview":"max-video-preview:-1"},"canonical":"https:\/\/lluita.org\/es\/100-000-e-recaptats-al-concert-christmas-for-a-new-life-per-fer-front-a-lalzheimer-i-lenvelliment\/","og_locale":"es_ES","og_type":"article","og_title":"100.000 \u20ac recaudados en el concierto \u00abChristmas for en New Life\u00bb para hacer frente al Alzheimer y el envejecimiento","og_description":"La Fundaci\u00f3n Lucha contra las Infecciones y la Fundaci\u00f3n Metalquimia han impulsado el concierto solidario \u00abChristmas for a new life. Abrimos un nuevo horizonte para el Alzheimer y el envejecimiento\u00bb para recaudar fondos para la lucha contra esta enfermedad y para la investigaci\u00f3n sobre el envejecimiento saludable.","og_url":"https:\/\/lluita.org\/es\/100-000-e-recaptats-al-concert-christmas-for-a-new-life-per-fer-front-a-lalzheimer-i-lenvelliment\/","og_site_name":"Fundaci\u00f3 Lluita contra les Infeccions","article_published_time":"2024-12-16T10:10:12+00:00","article_modified_time":"2024-12-19T11:45:59+00:00","og_image":[{"width":1800,"height":1067,"url":"https:\/\/lluita.org\/custom\/uploads\/2024\/12\/01_concert.jpg","type":"image\/jpeg"}],"author":"Marta Rodriguez","twitter_card":"summary_large_image","twitter_misc":{"Escrito por":"Marta Rodriguez","Tiempo de lectura":"5 minutos"},"schema":{"@context":"https:\/\/schema.org","@graph":[{"@type":"Article","@id":"https:\/\/lluita.org\/es\/100-000-e-recaptats-al-concert-christmas-for-a-new-life-per-fer-front-a-lalzheimer-i-lenvelliment\/#article","isPartOf":{"@id":"https:\/\/lluita.org\/es\/100-000-e-recaptats-al-concert-christmas-for-a-new-life-per-fer-front-a-lalzheimer-i-lenvelliment\/"},"author":{"name":"Marta Rodriguez","@id":"https:\/\/lluita.org\/#\/schema\/person\/33335fd0597aa3cc324e8b520d25eced"},"headline":"100.000 \u20ac recaudados en el concierto \u00abChristmas for en New Life\u00bb para hacer frente al Alzheimer y el envejecimiento","datePublished":"2024-12-16T10:10:12+00:00","dateModified":"2024-12-19T11:45:59+00:00","mainEntityOfPage":{"@id":"https:\/\/lluita.org\/es\/100-000-e-recaptats-al-concert-christmas-for-a-new-life-per-fer-front-a-lalzheimer-i-lenvelliment\/"},"wordCount":713,"image":{"@id":"https:\/\/lluita.org\/es\/100-000-e-recaptats-al-concert-christmas-for-a-new-life-per-fer-front-a-lalzheimer-i-lenvelliment\/#primaryimage"},"thumbnailUrl":"https:\/\/lluita.org\/custom\/uploads\/2024\/12\/01_concert.jpg","articleSection":["Otros"],"inLanguage":"es"},{"@type":"WebPage","@id":"https:\/\/lluita.org\/es\/100-000-e-recaptats-al-concert-christmas-for-a-new-life-per-fer-front-a-lalzheimer-i-lenvelliment\/","url":"https:\/\/lluita.org\/es\/100-000-e-recaptats-al-concert-christmas-for-a-new-life-per-fer-front-a-lalzheimer-i-lenvelliment\/","name":"100.000 \u20ac recaudados en el concierto \u00abChristmas for en New Life\u00bb para hacer frente al Alzheimer y el envejecimiento - Fundaci\u00f3 Lluita contra les Infeccions","isPartOf":{"@id":"https:\/\/lluita.org\/#website"},"primaryImageOfPage":{"@id":"https:\/\/lluita.org\/es\/100-000-e-recaptats-al-concert-christmas-for-a-new-life-per-fer-front-a-lalzheimer-i-lenvelliment\/#primaryimage"},"image":{"@id":"https:\/\/lluita.org\/es\/100-000-e-recaptats-al-concert-christmas-for-a-new-life-per-fer-front-a-lalzheimer-i-lenvelliment\/#primaryimage"},"thumbnailUrl":"https:\/\/lluita.org\/custom\/uploads\/2024\/12\/01_concert.jpg","datePublished":"2024-12-16T10:10:12+00:00","dateModified":"2024-12-19T11:45:59+00:00","author":{"@id":"https:\/\/lluita.org\/#\/schema\/person\/33335fd0597aa3cc324e8b520d25eced"},"description":"La Fundaci\u00f3n Lucha contra las Infecciones y la Fundaci\u00f3n Metalquimia han impulsado el concierto solidario \u00abChristmas for a new life. Abrimos un nuevo horizonte para el Alzheimer y el envejecimiento\u00bb para recaudar fondos para la lucha contra esta enfermedad y para la investigaci\u00f3n sobre el envejecimiento saludable.","breadcrumb":{"@id":"https:\/\/lluita.org\/es\/100-000-e-recaptats-al-concert-christmas-for-a-new-life-per-fer-front-a-lalzheimer-i-lenvelliment\/#breadcrumb"},"inLanguage":"es","potentialAction":[{"@type":"ReadAction","target":["https:\/\/lluita.org\/es\/100-000-e-recaptats-al-concert-christmas-for-a-new-life-per-fer-front-a-lalzheimer-i-lenvelliment\/"]}]},{"@type":"ImageObject","inLanguage":"es","@id":"https:\/\/lluita.org\/es\/100-000-e-recaptats-al-concert-christmas-for-a-new-life-per-fer-front-a-lalzheimer-i-lenvelliment\/#primaryimage","url":"https:\/\/lluita.org\/custom\/uploads\/2024\/12\/01_concert.jpg","contentUrl":"https:\/\/lluita.org\/custom\/uploads\/2024\/12\/01_concert.jpg","width":1800,"height":1067},{"@type":"BreadcrumbList","@id":"https:\/\/lluita.org\/es\/100-000-e-recaptats-al-concert-christmas-for-a-new-life-per-fer-front-a-lalzheimer-i-lenvelliment\/#breadcrumb","itemListElement":[{"@type":"ListItem","position":1,"name":"Inici","item":"https:\/\/lluita.org\/es\/"},{"@type":"ListItem","position":2,"name":"100.000 \u20ac recaudados en el concierto \u00abChristmas for en New Life\u00bb para hacer frente al Alzheimer y el envejecimiento"}]},{"@type":"WebSite","@id":"https:\/\/lluita.org\/#website","url":"https:\/\/lluita.org\/","name":"Fundaci\u00f3 Lluita contra les Infeccions","description":"","potentialAction":[{"@type":"SearchAction","target":{"@type":"EntryPoint","urlTemplate":"https:\/\/lluita.org\/?s={search_term_string}"},"query-input":{"@type":"PropertyValueSpecification","valueRequired":true,"valueName":"search_term_string"}}],"inLanguage":"es"},{"@type":"Person","@id":"https:\/\/lluita.org\/#\/schema\/person\/33335fd0597aa3cc324e8b520d25eced","name":"Marta Rodriguez","image":{"@type":"ImageObject","inLanguage":"es","@id":"https:\/\/secure.gravatar.com\/avatar\/a6b119cbae43b329ad19d1889130bcf7e6567ba0ec896ae9cb1848863b6dabdd?s=96&d=mm&r=g","url":"https:\/\/secure.gravatar.com\/avatar\/a6b119cbae43b329ad19d1889130bcf7e6567ba0ec896ae9cb1848863b6dabdd?s=96&d=mm&r=g","contentUrl":"https:\/\/secure.gravatar.com\/avatar\/a6b119cbae43b329ad19d1889130bcf7e6567ba0ec896ae9cb1848863b6dabdd?s=96&d=mm&r=g","caption":"Marta Rodriguez"},"url":"https:\/\/lluita.org\/es\/author\/mrodriguez\/"}]}},"_links":{"self":[{"href":"https:\/\/lluita.org\/es\/wp-json\/wp\/v2\/posts\/24247","targetHints":{"allow":["GET"]}}],"collection":[{"href":"https:\/\/lluita.org\/es\/wp-json\/wp\/v2\/posts"}],"about":[{"href":"https:\/\/lluita.org\/es\/wp-json\/wp\/v2\/types\/post"}],"author":[{"embeddable":true,"href":"https:\/\/lluita.org\/es\/wp-json\/wp\/v2\/users\/3"}],"replies":[{"embeddable":true,"href":"https:\/\/lluita.org\/es\/wp-json\/wp\/v2\/comments?post=24247"}],"version-history":[{"count":4,"href":"https:\/\/lluita.org\/es\/wp-json\/wp\/v2\/posts\/24247\/revisions"}],"predecessor-version":[{"id":24282,"href":"https:\/\/lluita.org\/es\/wp-json\/wp\/v2\/posts\/24247\/revisions\/24282"}],"wp:featuredmedia":[{"embeddable":true,"href":"https:\/\/lluita.org\/es\/wp-json\/wp\/v2\/media\/24238"}],"wp:attachment":[{"href":"https:\/\/lluita.org\/es\/wp-json\/wp\/v2\/media?parent=24247"}],"wp:term":[{"taxonomy":"category","embeddable":true,"href":"https:\/\/lluita.org\/es\/wp-json\/wp\/v2\/categories?post=24247"}],"curies":[{"name":"wp","href":"https:\/\/api.w.org\/{rel}","templated":true}]}}