{"id":24269,"date":"2024-12-16T15:23:57","date_gmt":"2024-12-16T15:23:57","guid":{"rendered":"https:\/\/lluita.org\/organitzem-la-segona-sessio-de-ioga-solidari-a-lhotel-w-de-barcelona\/"},"modified":"2025-01-08T11:41:42","modified_gmt":"2025-01-08T11:41:42","slug":"organitzem-la-segona-sessio-de-ioga-solidari-a-lhotel-w-barcelona","status":"publish","type":"post","link":"https:\/\/lluita.org\/es\/organitzem-la-segona-sessio-de-ioga-solidari-a-lhotel-w-barcelona\/","title":{"rendered":"Organizamos la segunda sesi\u00f3n de Yoga Solidario en el Hotel W Barcelona"},"content":{"rendered":"<p><span class=\"HwtZe\" lang=\"es\"><span class=\"jCAhz ChMk0b\"><span class=\"ryNqvb\">Tras el \u00e9xito de la primera edici\u00f3n, la <a href=\"https:\/\/lluita.org\/es\/?swcfpc=1\">Fundaci\u00f3n Lucha contra las Infecciones<\/a> y <a href=\"https:\/\/www.yogaone.es\/ca\">YogaOne<\/a> se unen de nuevo para organizar la <strong>segunda sesi\u00f3n<\/strong> de <strong>Yoga Solidario<\/strong>.<\/span><\/span> <span class=\"jCAhz ChMk0b\"><span class=\"ryNqvb\">El evento tendr\u00e1 lugar el s\u00e1bado 22 de febrero en el <a href=\"https:\/\/www.w-barcelona.cat\/\">Hotel W Barcelona<\/a>, \u200b\u200bque ceder\u00e1 sus espacios con espectaculares vistas al mar para la pr\u00e1ctica.<\/span><\/span> <span class=\"jCAhz ChMk0b\"><span class=\"ryNqvb\">Esta actividad solidaria tiene como objetivo recaudar fondos para la investigaci\u00f3n cient\u00edfica contra las infecciones, una de las principales causas de mortalidad por enfermedad en el mundo.<\/span><\/span><\/span><\/p>\n<div id=\"attachment_24255\" style=\"width: 1034px\" class=\"wp-caption aligncenter\"><img loading=\"lazy\" decoding=\"async\" aria-describedby=\"caption-attachment-24255\" class=\"wp-image-24255 size-large\" src=\"https:\/\/lluita.org\/custom\/uploads\/2024\/12\/02_ioga-1024x607.jpg\" alt=\"\" width=\"1024\" height=\"607\" srcset=\"https:\/\/lluita.org\/custom\/uploads\/2024\/12\/02_ioga-1024x607.jpg 1024w, https:\/\/lluita.org\/custom\/uploads\/2024\/12\/02_ioga-300x178.jpg 300w, https:\/\/lluita.org\/custom\/uploads\/2024\/12\/02_ioga-768x455.jpg 768w, https:\/\/lluita.org\/custom\/uploads\/2024\/12\/02_ioga-1536x911.jpg 1536w, https:\/\/lluita.org\/custom\/uploads\/2024\/12\/02_ioga.jpg 1800w\" sizes=\"auto, (max-width: 1024px) 100vw, 1024px\" \/><p id=\"caption-attachment-24255\" class=\"wp-caption-text\">Sesi\u00f3n de Yoga Solidario realizada por Jordi Canela el 2023 en el Hotel W Barcelona<\/p><\/div>\n<div class=\"lRu31\" dir=\"ltr\"><span class=\"HwtZe\" lang=\"es\"><span class=\"HwtZe\" lang=\"es\"><span class=\"jCAhz ChMk0b\"><span class=\"ryNqvb\"><br \/>\n<strong>Este a\u00f1o como novedad habr\u00e1 dos pr\u00e1cticas de yoga:<\/strong><\/span><\/span><\/span><\/span><span class=\"HwtZe\" lang=\"es\"><span class=\"HwtZe\" lang=\"es\"><span class=\"jCAhz ChMk0b\"><span class=\"ryNqvb\">&#8211; 10 h de Slow Vinyasa<\/span><\/span><\/span><\/span><span class=\"HwtZe\" lang=\"es\"><span class=\"jCAhz ChMk0b\"><span class=\"ryNqvb\">&#8211; 12 h Yoga Energ\u00e9tico<\/span><\/span><\/span><\/p>\n<div class=\"OvtS8d\"><\/div>\n<div id=\"ow35\">\n<p><span class=\"HwtZe\" lang=\"es\"><span class=\"jCAhz ChMk0b\"><span class=\"ryNqvb\">Ambas sesiones son aptas para todos los niveles y estar\u00e1n conducidas por <strong>Jordi Canela<\/strong>, tambi\u00e9n conocido como <strong>Om Ram<\/strong> y cofundador de YogaOne.<\/span><\/span> <span class=\"jCAhz ChMk0b\"><span class=\"ryNqvb\">Cada sesi\u00f3n se realizar\u00e1 con dos idiomas, el catal\u00e1n y el castellano, y tendr\u00e1 una duraci\u00f3n aproximada de una hora.<\/span><\/span> <span class=\"jCAhz ChMk0b\"><span class=\"ryNqvb\">Las personas que lo deseen pueden apuntarse en una de las dos sesiones o en ambas<\/span><\/span><\/span>.<\/p>\n<\/div>\n<\/div>\n<div id=\"attachment_24264\" style=\"width: 1034px\" class=\"wp-caption aligncenter\"><img loading=\"lazy\" decoding=\"async\" aria-describedby=\"caption-attachment-24264\" class=\"wp-image-24264 size-large\" src=\"https:\/\/lluita.org\/custom\/uploads\/2024\/12\/04_ioga-1024x607.jpg\" alt=\"\" width=\"1024\" height=\"607\" srcset=\"https:\/\/lluita.org\/custom\/uploads\/2024\/12\/04_ioga-1024x607.jpg 1024w, https:\/\/lluita.org\/custom\/uploads\/2024\/12\/04_ioga-300x178.jpg 300w, https:\/\/lluita.org\/custom\/uploads\/2024\/12\/04_ioga-768x455.jpg 768w, https:\/\/lluita.org\/custom\/uploads\/2024\/12\/04_ioga-1536x911.jpg 1536w, https:\/\/lluita.org\/custom\/uploads\/2024\/12\/04_ioga.jpg 1800w\" sizes=\"auto, (max-width: 1024px) 100vw, 1024px\" \/><p id=\"caption-attachment-24264\" class=\"wp-caption-text\">Sesi\u00f3n de Yoga Solidario conducida por Jordi Canela el a\u00f1o 2023<\/p><\/div>\n<p><span class=\"HwtZe\" lang=\"es\"><span class=\"jCAhz ChMk0b\"><span class=\"ryNqvb\">Una vez finalice la sesi\u00f3n en cuesti\u00f3n habr\u00e1 servicio de caf\u00e9, gentileza de <a href=\"https:\/\/syra.coffee\/?gad_source=1&amp;gclid=Cj0KCQiAvP-6BhDyARIsAJ3uv7b31QSRqTzKFNxlbhDT0zrf2hUCuNO98-_gI9FFmmIK_Ez41pGUbDMaAieKEALw_wcB\">Syra Coffee<\/a>, y almuerzo para todos los participantes.<\/span><\/span> <span class=\"jCAhz ChMk0b\"><span class=\"ryNqvb\">Adem\u00e1s, se facilitar\u00e1 tambi\u00e9n las yoga mates para quien lo desee.<\/span><\/span><\/span><\/p>\n<div id=\"attachment_24258\" style=\"width: 1034px\" class=\"wp-caption aligncenter\"><img loading=\"lazy\" decoding=\"async\" aria-describedby=\"caption-attachment-24258\" class=\"wp-image-24258 size-large\" src=\"https:\/\/lluita.org\/custom\/uploads\/2024\/12\/03_ioga-1024x607.jpg\" alt=\"\" width=\"1024\" height=\"607\" srcset=\"https:\/\/lluita.org\/custom\/uploads\/2024\/12\/03_ioga-1024x607.jpg 1024w, https:\/\/lluita.org\/custom\/uploads\/2024\/12\/03_ioga-300x178.jpg 300w, https:\/\/lluita.org\/custom\/uploads\/2024\/12\/03_ioga-768x455.jpg 768w, https:\/\/lluita.org\/custom\/uploads\/2024\/12\/03_ioga-1536x911.jpg 1536w, https:\/\/lluita.org\/custom\/uploads\/2024\/12\/03_ioga.jpg 1800w\" sizes=\"auto, (max-width: 1024px) 100vw, 1024px\" \/><p id=\"caption-attachment-24258\" class=\"wp-caption-text\">Desayuno saludable posterior a la sesi\u00f3n de Yoga Solidario celebrada en 2023<\/p><\/div>\n<p><strong><span class=\"HwtZe\" lang=\"es\"><span class=\"jCAhz ChMk0b\"><span class=\"ryNqvb\">La finalidad de esta jornada es recaudar fondos para la investigaci\u00f3n cient\u00edfica que lleva a cabo en la <a href=\"https:\/\/lluita.org\/es\/?swcfpc=1\">Fundaci\u00f3n Lucha contra las Infecciones<\/a>.<\/span><\/span><\/span><\/strong><\/p>\n<p><strong>Inscripciones<\/strong><\/p>\n<p><span class=\"HwtZe\" lang=\"es\"><span class=\"jCAhz ChMk0b\"><span class=\"ryNqvb\"><a href=\"https:\/\/www.stockcrowd.com\/standard-0d071751-8643-4041-a276-0703d2b14666\">Si quieres asistir a alguna de estas sesiones de yoga o, en ambas, clica este enlace<\/a>.<\/span><\/span><\/span><\/p>\n","protected":false},"excerpt":{"rendered":"<p>Tras el \u00e9xito de la primera edici\u00f3n, la Fundaci\u00f3n Lucha contra las Infecciones y YogaOne se unen de nuevo para organizar la segunda sesi\u00f3n de Yoga Solidario. El evento tendr\u00e1 lugar el s\u00e1bado 22 de febrero en el Hotel W Barcelona, \u200b\u200bque ceder\u00e1 sus espacios con espectaculares vistas al mar para la pr\u00e1ctica. Esta actividad [&hellip;]<\/p>\n","protected":false},"author":3,"featured_media":24254,"comment_status":"closed","ping_status":"closed","sticky":false,"template":"","format":"standard","meta":{"_acf_changed":false,"footnotes":""},"categories":[3],"class_list":["post-24269","post","type-post","status-publish","format-standard","has-post-thumbnail","hentry","category-otros"],"acf":[],"yoast_head":"<!-- This site is optimized with the Yoast SEO Premium plugin v27.4 (Yoast SEO v27.5) - https:\/\/yoast.com\/product\/yoast-seo-premium-wordpress\/ -->\n<title>Organizamos la segunda sesi\u00f3n de Yoga Solidario en el Hotel W Barcelona - Fundaci\u00f3 Lluita contra les Infeccions<\/title>\n<meta name=\"description\" content=\"Organitzem la segona sessi\u00f3 de Ioga Solidari a l\u2019Hotel W Barcelona\" \/>\n<meta name=\"robots\" content=\"index, follow, max-snippet:-1, max-image-preview:large, max-video-preview:-1\" \/>\n<link rel=\"canonical\" href=\"https:\/\/lluita.org\/es\/organitzem-la-segona-sessio-de-ioga-solidari-a-lhotel-w-barcelona\/\" \/>\n<meta property=\"og:locale\" content=\"es_ES\" \/>\n<meta property=\"og:type\" content=\"article\" \/>\n<meta property=\"og:title\" content=\"Organizamos la segunda sesi\u00f3n de Yoga Solidario en el Hotel W Barcelona\" \/>\n<meta property=\"og:description\" content=\"Organitzem la segona sessi\u00f3 de Ioga Solidari a l\u2019Hotel W Barcelona\" \/>\n<meta property=\"og:url\" content=\"https:\/\/lluita.org\/es\/organitzem-la-segona-sessio-de-ioga-solidari-a-lhotel-w-barcelona\/\" \/>\n<meta property=\"og:site_name\" content=\"Fundaci\u00f3 Lluita contra les Infeccions\" \/>\n<meta property=\"article:published_time\" content=\"2024-12-16T15:23:57+00:00\" \/>\n<meta property=\"article:modified_time\" content=\"2025-01-08T11:41:42+00:00\" \/>\n<meta property=\"og:image\" content=\"https:\/\/lluita.org\/custom\/uploads\/2024\/12\/01_ioga.jpg\" \/>\n\t<meta property=\"og:image:width\" content=\"1800\" \/>\n\t<meta property=\"og:image:height\" content=\"1067\" \/>\n\t<meta property=\"og:image:type\" content=\"image\/jpeg\" \/>\n<meta name=\"author\" content=\"Marta Rodriguez\" \/>\n<meta name=\"twitter:card\" content=\"summary_large_image\" \/>\n<meta name=\"twitter:label1\" content=\"Escrito por\" \/>\n\t<meta name=\"twitter:data1\" content=\"Marta Rodriguez\" \/>\n\t<meta name=\"twitter:label2\" content=\"Tiempo de lectura\" \/>\n\t<meta name=\"twitter:data2\" content=\"3 minutos\" \/>\n<script type=\"application\/ld+json\" class=\"yoast-schema-graph\">{\"@context\":\"https:\\\/\\\/schema.org\",\"@graph\":[{\"@type\":\"Article\",\"@id\":\"https:\\\/\\\/lluita.org\\\/es\\\/organitzem-la-segona-sessio-de-ioga-solidari-a-lhotel-w-barcelona\\\/#article\",\"isPartOf\":{\"@id\":\"https:\\\/\\\/lluita.org\\\/es\\\/organitzem-la-segona-sessio-de-ioga-solidari-a-lhotel-w-barcelona\\\/\"},\"author\":{\"name\":\"Marta Rodriguez\",\"@id\":\"https:\\\/\\\/lluita.org\\\/#\\\/schema\\\/person\\\/33335fd0597aa3cc324e8b520d25eced\"},\"headline\":\"Organizamos la segunda sesi\u00f3n de Yoga Solidario en el Hotel W Barcelona\",\"datePublished\":\"2024-12-16T15:23:57+00:00\",\"dateModified\":\"2025-01-08T11:41:42+00:00\",\"mainEntityOfPage\":{\"@id\":\"https:\\\/\\\/lluita.org\\\/es\\\/organitzem-la-segona-sessio-de-ioga-solidari-a-lhotel-w-barcelona\\\/\"},\"wordCount\":323,\"image\":{\"@id\":\"https:\\\/\\\/lluita.org\\\/es\\\/organitzem-la-segona-sessio-de-ioga-solidari-a-lhotel-w-barcelona\\\/#primaryimage\"},\"thumbnailUrl\":\"https:\\\/\\\/lluita.org\\\/custom\\\/uploads\\\/2024\\\/12\\\/01_ioga.jpg\",\"articleSection\":[\"Otros\"],\"inLanguage\":\"es\"},{\"@type\":\"WebPage\",\"@id\":\"https:\\\/\\\/lluita.org\\\/es\\\/organitzem-la-segona-sessio-de-ioga-solidari-a-lhotel-w-barcelona\\\/\",\"url\":\"https:\\\/\\\/lluita.org\\\/es\\\/organitzem-la-segona-sessio-de-ioga-solidari-a-lhotel-w-barcelona\\\/\",\"name\":\"Organizamos la segunda sesi\u00f3n de Yoga Solidario en el Hotel W Barcelona - Fundaci\u00f3 Lluita contra les Infeccions\",\"isPartOf\":{\"@id\":\"https:\\\/\\\/lluita.org\\\/#website\"},\"primaryImageOfPage\":{\"@id\":\"https:\\\/\\\/lluita.org\\\/es\\\/organitzem-la-segona-sessio-de-ioga-solidari-a-lhotel-w-barcelona\\\/#primaryimage\"},\"image\":{\"@id\":\"https:\\\/\\\/lluita.org\\\/es\\\/organitzem-la-segona-sessio-de-ioga-solidari-a-lhotel-w-barcelona\\\/#primaryimage\"},\"thumbnailUrl\":\"https:\\\/\\\/lluita.org\\\/custom\\\/uploads\\\/2024\\\/12\\\/01_ioga.jpg\",\"datePublished\":\"2024-12-16T15:23:57+00:00\",\"dateModified\":\"2025-01-08T11:41:42+00:00\",\"author\":{\"@id\":\"https:\\\/\\\/lluita.org\\\/#\\\/schema\\\/person\\\/33335fd0597aa3cc324e8b520d25eced\"},\"description\":\"Organitzem la segona sessi\u00f3 de Ioga Solidari a l\u2019Hotel W Barcelona\",\"breadcrumb\":{\"@id\":\"https:\\\/\\\/lluita.org\\\/es\\\/organitzem-la-segona-sessio-de-ioga-solidari-a-lhotel-w-barcelona\\\/#breadcrumb\"},\"inLanguage\":\"es\",\"potentialAction\":[{\"@type\":\"ReadAction\",\"target\":[\"https:\\\/\\\/lluita.org\\\/es\\\/organitzem-la-segona-sessio-de-ioga-solidari-a-lhotel-w-barcelona\\\/\"]}]},{\"@type\":\"ImageObject\",\"inLanguage\":\"es\",\"@id\":\"https:\\\/\\\/lluita.org\\\/es\\\/organitzem-la-segona-sessio-de-ioga-solidari-a-lhotel-w-barcelona\\\/#primaryimage\",\"url\":\"https:\\\/\\\/lluita.org\\\/custom\\\/uploads\\\/2024\\\/12\\\/01_ioga.jpg\",\"contentUrl\":\"https:\\\/\\\/lluita.org\\\/custom\\\/uploads\\\/2024\\\/12\\\/01_ioga.jpg\",\"width\":1800,\"height\":1067},{\"@type\":\"BreadcrumbList\",\"@id\":\"https:\\\/\\\/lluita.org\\\/es\\\/organitzem-la-segona-sessio-de-ioga-solidari-a-lhotel-w-barcelona\\\/#breadcrumb\",\"itemListElement\":[{\"@type\":\"ListItem\",\"position\":1,\"name\":\"Inici\",\"item\":\"https:\\\/\\\/lluita.org\\\/es\\\/\"},{\"@type\":\"ListItem\",\"position\":2,\"name\":\"Organizamos la segunda sesi\u00f3n de Yoga Solidario en el Hotel W Barcelona\"}]},{\"@type\":\"WebSite\",\"@id\":\"https:\\\/\\\/lluita.org\\\/#website\",\"url\":\"https:\\\/\\\/lluita.org\\\/\",\"name\":\"Fundaci\u00f3 Lluita contra les Infeccions\",\"description\":\"\",\"potentialAction\":[{\"@type\":\"SearchAction\",\"target\":{\"@type\":\"EntryPoint\",\"urlTemplate\":\"https:\\\/\\\/lluita.org\\\/?s={search_term_string}\"},\"query-input\":{\"@type\":\"PropertyValueSpecification\",\"valueRequired\":true,\"valueName\":\"search_term_string\"}}],\"inLanguage\":\"es\"},{\"@type\":\"Person\",\"@id\":\"https:\\\/\\\/lluita.org\\\/#\\\/schema\\\/person\\\/33335fd0597aa3cc324e8b520d25eced\",\"name\":\"Marta Rodriguez\",\"image\":{\"@type\":\"ImageObject\",\"inLanguage\":\"es\",\"@id\":\"https:\\\/\\\/secure.gravatar.com\\\/avatar\\\/a6b119cbae43b329ad19d1889130bcf7e6567ba0ec896ae9cb1848863b6dabdd?s=96&d=mm&r=g\",\"url\":\"https:\\\/\\\/secure.gravatar.com\\\/avatar\\\/a6b119cbae43b329ad19d1889130bcf7e6567ba0ec896ae9cb1848863b6dabdd?s=96&d=mm&r=g\",\"contentUrl\":\"https:\\\/\\\/secure.gravatar.com\\\/avatar\\\/a6b119cbae43b329ad19d1889130bcf7e6567ba0ec896ae9cb1848863b6dabdd?s=96&d=mm&r=g\",\"caption\":\"Marta Rodriguez\"},\"url\":\"https:\\\/\\\/lluita.org\\\/es\\\/author\\\/mrodriguez\\\/\"}]}<\/script>\n<!-- \/ Yoast SEO Premium plugin. -->","yoast_head_json":{"title":"Organizamos la segunda sesi\u00f3n de Yoga Solidario en el Hotel W Barcelona - Fundaci\u00f3 Lluita contra les Infeccions","description":"Organitzem la segona sessi\u00f3 de Ioga Solidari a l\u2019Hotel W Barcelona","robots":{"index":"index","follow":"follow","max-snippet":"max-snippet:-1","max-image-preview":"max-image-preview:large","max-video-preview":"max-video-preview:-1"},"canonical":"https:\/\/lluita.org\/es\/organitzem-la-segona-sessio-de-ioga-solidari-a-lhotel-w-barcelona\/","og_locale":"es_ES","og_type":"article","og_title":"Organizamos la segunda sesi\u00f3n de Yoga Solidario en el Hotel W Barcelona","og_description":"Organitzem la segona sessi\u00f3 de Ioga Solidari a l\u2019Hotel W Barcelona","og_url":"https:\/\/lluita.org\/es\/organitzem-la-segona-sessio-de-ioga-solidari-a-lhotel-w-barcelona\/","og_site_name":"Fundaci\u00f3 Lluita contra les Infeccions","article_published_time":"2024-12-16T15:23:57+00:00","article_modified_time":"2025-01-08T11:41:42+00:00","og_image":[{"width":1800,"height":1067,"url":"https:\/\/lluita.org\/custom\/uploads\/2024\/12\/01_ioga.jpg","type":"image\/jpeg"}],"author":"Marta Rodriguez","twitter_card":"summary_large_image","twitter_misc":{"Escrito por":"Marta Rodriguez","Tiempo de lectura":"3 minutos"},"schema":{"@context":"https:\/\/schema.org","@graph":[{"@type":"Article","@id":"https:\/\/lluita.org\/es\/organitzem-la-segona-sessio-de-ioga-solidari-a-lhotel-w-barcelona\/#article","isPartOf":{"@id":"https:\/\/lluita.org\/es\/organitzem-la-segona-sessio-de-ioga-solidari-a-lhotel-w-barcelona\/"},"author":{"name":"Marta Rodriguez","@id":"https:\/\/lluita.org\/#\/schema\/person\/33335fd0597aa3cc324e8b520d25eced"},"headline":"Organizamos la segunda sesi\u00f3n de Yoga Solidario en el Hotel W Barcelona","datePublished":"2024-12-16T15:23:57+00:00","dateModified":"2025-01-08T11:41:42+00:00","mainEntityOfPage":{"@id":"https:\/\/lluita.org\/es\/organitzem-la-segona-sessio-de-ioga-solidari-a-lhotel-w-barcelona\/"},"wordCount":323,"image":{"@id":"https:\/\/lluita.org\/es\/organitzem-la-segona-sessio-de-ioga-solidari-a-lhotel-w-barcelona\/#primaryimage"},"thumbnailUrl":"https:\/\/lluita.org\/custom\/uploads\/2024\/12\/01_ioga.jpg","articleSection":["Otros"],"inLanguage":"es"},{"@type":"WebPage","@id":"https:\/\/lluita.org\/es\/organitzem-la-segona-sessio-de-ioga-solidari-a-lhotel-w-barcelona\/","url":"https:\/\/lluita.org\/es\/organitzem-la-segona-sessio-de-ioga-solidari-a-lhotel-w-barcelona\/","name":"Organizamos la segunda sesi\u00f3n de Yoga Solidario en el Hotel W Barcelona - Fundaci\u00f3 Lluita contra les Infeccions","isPartOf":{"@id":"https:\/\/lluita.org\/#website"},"primaryImageOfPage":{"@id":"https:\/\/lluita.org\/es\/organitzem-la-segona-sessio-de-ioga-solidari-a-lhotel-w-barcelona\/#primaryimage"},"image":{"@id":"https:\/\/lluita.org\/es\/organitzem-la-segona-sessio-de-ioga-solidari-a-lhotel-w-barcelona\/#primaryimage"},"thumbnailUrl":"https:\/\/lluita.org\/custom\/uploads\/2024\/12\/01_ioga.jpg","datePublished":"2024-12-16T15:23:57+00:00","dateModified":"2025-01-08T11:41:42+00:00","author":{"@id":"https:\/\/lluita.org\/#\/schema\/person\/33335fd0597aa3cc324e8b520d25eced"},"description":"Organitzem la segona sessi\u00f3 de Ioga Solidari a l\u2019Hotel W Barcelona","breadcrumb":{"@id":"https:\/\/lluita.org\/es\/organitzem-la-segona-sessio-de-ioga-solidari-a-lhotel-w-barcelona\/#breadcrumb"},"inLanguage":"es","potentialAction":[{"@type":"ReadAction","target":["https:\/\/lluita.org\/es\/organitzem-la-segona-sessio-de-ioga-solidari-a-lhotel-w-barcelona\/"]}]},{"@type":"ImageObject","inLanguage":"es","@id":"https:\/\/lluita.org\/es\/organitzem-la-segona-sessio-de-ioga-solidari-a-lhotel-w-barcelona\/#primaryimage","url":"https:\/\/lluita.org\/custom\/uploads\/2024\/12\/01_ioga.jpg","contentUrl":"https:\/\/lluita.org\/custom\/uploads\/2024\/12\/01_ioga.jpg","width":1800,"height":1067},{"@type":"BreadcrumbList","@id":"https:\/\/lluita.org\/es\/organitzem-la-segona-sessio-de-ioga-solidari-a-lhotel-w-barcelona\/#breadcrumb","itemListElement":[{"@type":"ListItem","position":1,"name":"Inici","item":"https:\/\/lluita.org\/es\/"},{"@type":"ListItem","position":2,"name":"Organizamos la segunda sesi\u00f3n de Yoga Solidario en el Hotel W Barcelona"}]},{"@type":"WebSite","@id":"https:\/\/lluita.org\/#website","url":"https:\/\/lluita.org\/","name":"Fundaci\u00f3 Lluita contra les Infeccions","description":"","potentialAction":[{"@type":"SearchAction","target":{"@type":"EntryPoint","urlTemplate":"https:\/\/lluita.org\/?s={search_term_string}"},"query-input":{"@type":"PropertyValueSpecification","valueRequired":true,"valueName":"search_term_string"}}],"inLanguage":"es"},{"@type":"Person","@id":"https:\/\/lluita.org\/#\/schema\/person\/33335fd0597aa3cc324e8b520d25eced","name":"Marta Rodriguez","image":{"@type":"ImageObject","inLanguage":"es","@id":"https:\/\/secure.gravatar.com\/avatar\/a6b119cbae43b329ad19d1889130bcf7e6567ba0ec896ae9cb1848863b6dabdd?s=96&d=mm&r=g","url":"https:\/\/secure.gravatar.com\/avatar\/a6b119cbae43b329ad19d1889130bcf7e6567ba0ec896ae9cb1848863b6dabdd?s=96&d=mm&r=g","contentUrl":"https:\/\/secure.gravatar.com\/avatar\/a6b119cbae43b329ad19d1889130bcf7e6567ba0ec896ae9cb1848863b6dabdd?s=96&d=mm&r=g","caption":"Marta Rodriguez"},"url":"https:\/\/lluita.org\/es\/author\/mrodriguez\/"}]}},"_links":{"self":[{"href":"https:\/\/lluita.org\/es\/wp-json\/wp\/v2\/posts\/24269","targetHints":{"allow":["GET"]}}],"collection":[{"href":"https:\/\/lluita.org\/es\/wp-json\/wp\/v2\/posts"}],"about":[{"href":"https:\/\/lluita.org\/es\/wp-json\/wp\/v2\/types\/post"}],"author":[{"embeddable":true,"href":"https:\/\/lluita.org\/es\/wp-json\/wp\/v2\/users\/3"}],"replies":[{"embeddable":true,"href":"https:\/\/lluita.org\/es\/wp-json\/wp\/v2\/comments?post=24269"}],"version-history":[{"count":5,"href":"https:\/\/lluita.org\/es\/wp-json\/wp\/v2\/posts\/24269\/revisions"}],"predecessor-version":[{"id":24357,"href":"https:\/\/lluita.org\/es\/wp-json\/wp\/v2\/posts\/24269\/revisions\/24357"}],"wp:featuredmedia":[{"embeddable":true,"href":"https:\/\/lluita.org\/es\/wp-json\/wp\/v2\/media\/24254"}],"wp:attachment":[{"href":"https:\/\/lluita.org\/es\/wp-json\/wp\/v2\/media?parent=24269"}],"wp:term":[{"taxonomy":"category","embeddable":true,"href":"https:\/\/lluita.org\/es\/wp-json\/wp\/v2\/categories?post=24269"}],"curies":[{"name":"wp","href":"https:\/\/api.w.org\/{rel}","templated":true}]}}